{"id":1388,"date":"2014-11-05T10:28:44","date_gmt":"2014-11-05T10:28:44","guid":{"rendered":"http:\/\/www.svzweckel.de\/?p=1388"},"modified":"2014-11-05T19:41:50","modified_gmt":"2014-11-05T19:41:50","slug":"sv-zweckel-ii-vfl-grafenwald","status":"publish","type":"post","link":"https:\/\/www.svzweckel.de\/?p=1388","title":{"rendered":"09.11.14, 14:30 Uhr: SV Zweckel II &#8211; VFL Grafenwald"},"content":{"rendered":"<p>Die Reserve hat einen Lauf und zeigt momentan tolle Spiele! Am Sonntag wartet ein weiteres &#8222;Derby&#8220; auf die Sch\u00fcrer-Elf. Der VFL Grafenwald findet sich momentan auf den 5. Rang wieder. Der SV Zweckel belegt mit 3 Punkten (und einem Spiel weniger) Rang 9. Das d\u00fcrfte eine spannende Partie werden. In der Grafenw\u00e4lder Mannschaft stehen derzeit mit Dominik und Maurice Ogaza, Tim Nowak, Dennis Gr\u00fcttner und Marcel Ofiera einige ehemalige Zweckeler. Das d\u00fcrfte auf beiden Seiten f\u00fcr zus\u00e4tliche Motivation sorgen.<\/p>\n<p>Zur Erinnerung: Ansto\u00df ist seit Anfang November um 14:30 Uhr.<\/p>\n","protected":false},"excerpt":{"rendered":"<p>Die Reserve hat einen Lauf und zeigt momentan tolle Spiele! Am Sonntag wartet ein weiteres &#8222;Derby&#8220; auf die Sch\u00fcrer-Elf. Der VFL Grafenwald findet sich momentan auf den 5. Rang wieder. Der SV Zweckel belegt mit 3 Punkten (und einem Spiel weniger) Rang 9. Das d\u00fcrfte eine spannende Partie werden. In der Grafenw\u00e4lder Mannschaft stehen derzeit [&hellip;]<\/p>\n","protected":false},"author":3,"featured_media":0,"comment_status":"open","ping_status":"open","sticky":false,"template":"","format":"standard","meta":{"_jetpack_memberships_contains_paid_content":false,"footnotes":"","jetpack_publicize_message":"","jetpack_publicize_feature_enabled":true,"jetpack_social_post_already_shared":false,"jetpack_social_options":{"image_generator_settings":{"template":"highway","default_image_id":0,"font":"","enabled":false},"version":2}},"categories":[1],"tags":[],"class_list":["post-1388","post","type-post","status-publish","format-standard","hentry","category-uncategorized"],"jetpack_publicize_connections":[],"jetpack_featured_media_url":"","jetpack_sharing_enabled":true,"_links":{"self":[{"href":"https:\/\/www.svzweckel.de\/index.php?rest_route=\/wp\/v2\/posts\/1388","targetHints":{"allow":["GET"]}}],"collection":[{"href":"https:\/\/www.svzweckel.de\/index.php?rest_route=\/wp\/v2\/posts"}],"about":[{"href":"https:\/\/www.svzweckel.de\/index.php?rest_route=\/wp\/v2\/types\/post"}],"author":[{"embeddable":true,"href":"https:\/\/www.svzweckel.de\/index.php?rest_route=\/wp\/v2\/users\/3"}],"replies":[{"embeddable":true,"href":"https:\/\/www.svzweckel.de\/index.php?rest_route=%2Fwp%2Fv2%2Fcomments&post=1388"}],"version-history":[{"count":0,"href":"https:\/\/www.svzweckel.de\/index.php?rest_route=\/wp\/v2\/posts\/1388\/revisions"}],"wp:attachment":[{"href":"https:\/\/www.svzweckel.de\/index.php?rest_route=%2Fwp%2Fv2%2Fmedia&parent=1388"}],"wp:term":[{"taxonomy":"category","embeddable":true,"href":"https:\/\/www.svzweckel.de\/index.php?rest_route=%2Fwp%2Fv2%2Fcategories&post=1388"},{"taxonomy":"post_tag","embeddable":true,"href":"https:\/\/www.svzweckel.de\/index.php?rest_route=%2Fwp%2Fv2%2Ftags&post=1388"}],"curies":[{"name":"wp","href":"https:\/\/api.w.org\/{rel}","templated":true}]}}