{"id":13887,"date":"2021-08-14T14:31:21","date_gmt":"2021-08-14T12:31:21","guid":{"rendered":"https:\/\/www.svzweckel.de\/?p=13887"},"modified":"2021-08-14T14:31:21","modified_gmt":"2021-08-14T12:31:21","slug":"die-fussballfabrik-zu-besuch-beim-svz","status":"publish","type":"post","link":"https:\/\/www.svzweckel.de\/?p=13887","title":{"rendered":"Die Fu\u00dfballfabrik zu Besuch beim SVZ!"},"content":{"rendered":"<p>Die Fu\u00dfballfabrik war wie letztes Jahr mal wieder zu Gast an der Dorstenerstra\u00dfe!<\/p>\n<p>Bei einem dreit\u00e4gigen Fu\u00dfballcamp waren die teilnehmenden Kinder mit spa\u00df bei der Sache und konnten viele Eindr\u00fccke f\u00fcr die kommende Saison mitnehmen!<\/p>\n<p>&nbsp;<\/p>\n<p>Wir bedanken uns bei allen Helfern und insbesondere bei der Fu\u00dfballfabrik f\u00fcr die tolle Veranstaltung!<\/p>\n<p>Hoffentlich sieht man sich n\u00e4chstes Jahr unter Corona fernen Bedingungen wieder!<\/p>\n<p>&nbsp;<\/p>\n<p><img data-recalc-dims=\"1\" loading=\"lazy\" decoding=\"async\" class=\"alignnone size-medium wp-image-13889\" src=\"https:\/\/i0.wp.com\/www.svzweckel.de\/wp-content\/uploads\/2021\/08\/WhatsApp-Image-2021-08-12-at-15.21.28.jpeg?resize=300%2C225&#038;ssl=1\" alt=\"\" width=\"300\" height=\"225\" srcset=\"https:\/\/i0.wp.com\/www.svzweckel.de\/wp-content\/uploads\/2021\/08\/WhatsApp-Image-2021-08-12-at-15.21.28.jpeg?resize=300%2C225&amp;ssl=1 300w, https:\/\/i0.wp.com\/www.svzweckel.de\/wp-content\/uploads\/2021\/08\/WhatsApp-Image-2021-08-12-at-15.21.28.jpeg?resize=768%2C576&amp;ssl=1 768w, https:\/\/i0.wp.com\/www.svzweckel.de\/wp-content\/uploads\/2021\/08\/WhatsApp-Image-2021-08-12-at-15.21.28.jpeg?resize=150%2C113&amp;ssl=1 150w, https:\/\/i0.wp.com\/www.svzweckel.de\/wp-content\/uploads\/2021\/08\/WhatsApp-Image-2021-08-12-at-15.21.28.jpeg?resize=100%2C75&amp;ssl=1 100w, https:\/\/i0.wp.com\/www.svzweckel.de\/wp-content\/uploads\/2021\/08\/WhatsApp-Image-2021-08-12-at-15.21.28.jpeg?resize=50%2C38&amp;ssl=1 50w, https:\/\/i0.wp.com\/www.svzweckel.de\/wp-content\/uploads\/2021\/08\/WhatsApp-Image-2021-08-12-at-15.21.28.jpeg?resize=25%2C19&amp;ssl=1 25w, https:\/\/i0.wp.com\/www.svzweckel.de\/wp-content\/uploads\/2021\/08\/WhatsApp-Image-2021-08-12-at-15.21.28.jpeg?resize=427%2C320&amp;ssl=1 427w, https:\/\/i0.wp.com\/www.svzweckel.de\/wp-content\/uploads\/2021\/08\/WhatsApp-Image-2021-08-12-at-15.21.28.jpeg?resize=160%2C120&amp;ssl=1 160w, https:\/\/i0.wp.com\/www.svzweckel.de\/wp-content\/uploads\/2021\/08\/WhatsApp-Image-2021-08-12-at-15.21.28.jpeg?w=800&amp;ssl=1 800w\" sizes=\"auto, (max-width: 300px) 100vw, 300px\" \/> <img data-recalc-dims=\"1\" loading=\"lazy\" decoding=\"async\" class=\"alignnone size-medium wp-image-13890\" src=\"https:\/\/i0.wp.com\/www.svzweckel.de\/wp-content\/uploads\/2021\/08\/WhatsApp-Image-2021-08-12-at-15.21.30.jpeg?resize=300%2C225&#038;ssl=1\" alt=\"\" width=\"300\" height=\"225\" srcset=\"https:\/\/i0.wp.com\/www.svzweckel.de\/wp-content\/uploads\/2021\/08\/WhatsApp-Image-2021-08-12-at-15.21.30.jpeg?resize=300%2C225&amp;ssl=1 300w, https:\/\/i0.wp.com\/www.svzweckel.de\/wp-content\/uploads\/2021\/08\/WhatsApp-Image-2021-08-12-at-15.21.30.jpeg?resize=768%2C576&amp;ssl=1 768w, https:\/\/i0.wp.com\/www.svzweckel.de\/wp-content\/uploads\/2021\/08\/WhatsApp-Image-2021-08-12-at-15.21.30.jpeg?resize=150%2C113&amp;ssl=1 150w, https:\/\/i0.wp.com\/www.svzweckel.de\/wp-content\/uploads\/2021\/08\/WhatsApp-Image-2021-08-12-at-15.21.30.jpeg?resize=100%2C75&amp;ssl=1 100w, https:\/\/i0.wp.com\/www.svzweckel.de\/wp-content\/uploads\/2021\/08\/WhatsApp-Image-2021-08-12-at-15.21.30.jpeg?resize=50%2C38&amp;ssl=1 50w, https:\/\/i0.wp.com\/www.svzweckel.de\/wp-content\/uploads\/2021\/08\/WhatsApp-Image-2021-08-12-at-15.21.30.jpeg?resize=25%2C19&amp;ssl=1 25w, https:\/\/i0.wp.com\/www.svzweckel.de\/wp-content\/uploads\/2021\/08\/WhatsApp-Image-2021-08-12-at-15.21.30.jpeg?resize=427%2C320&amp;ssl=1 427w, https:\/\/i0.wp.com\/www.svzweckel.de\/wp-content\/uploads\/2021\/08\/WhatsApp-Image-2021-08-12-at-15.21.30.jpeg?resize=160%2C120&amp;ssl=1 160w, https:\/\/i0.wp.com\/www.svzweckel.de\/wp-content\/uploads\/2021\/08\/WhatsApp-Image-2021-08-12-at-15.21.30.jpeg?w=800&amp;ssl=1 800w\" sizes=\"auto, (max-width: 300px) 100vw, 300px\" \/> <img data-recalc-dims=\"1\" loading=\"lazy\" decoding=\"async\" class=\"alignnone size-medium wp-image-13891\" src=\"https:\/\/i0.wp.com\/www.svzweckel.de\/wp-content\/uploads\/2021\/08\/WhatsApp-Image-2021-08-12-at-15.21.33.jpeg?resize=300%2C225&#038;ssl=1\" alt=\"\" width=\"300\" height=\"225\" srcset=\"https:\/\/i0.wp.com\/www.svzweckel.de\/wp-content\/uploads\/2021\/08\/WhatsApp-Image-2021-08-12-at-15.21.33.jpeg?resize=300%2C225&amp;ssl=1 300w, https:\/\/i0.wp.com\/www.svzweckel.de\/wp-content\/uploads\/2021\/08\/WhatsApp-Image-2021-08-12-at-15.21.33.jpeg?resize=768%2C576&amp;ssl=1 768w, https:\/\/i0.wp.com\/www.svzweckel.de\/wp-content\/uploads\/2021\/08\/WhatsApp-Image-2021-08-12-at-15.21.33.jpeg?resize=150%2C113&amp;ssl=1 150w, https:\/\/i0.wp.com\/www.svzweckel.de\/wp-content\/uploads\/2021\/08\/WhatsApp-Image-2021-08-12-at-15.21.33.jpeg?resize=100%2C75&amp;ssl=1 100w, https:\/\/i0.wp.com\/www.svzweckel.de\/wp-content\/uploads\/2021\/08\/WhatsApp-Image-2021-08-12-at-15.21.33.jpeg?resize=50%2C38&amp;ssl=1 50w, https:\/\/i0.wp.com\/www.svzweckel.de\/wp-content\/uploads\/2021\/08\/WhatsApp-Image-2021-08-12-at-15.21.33.jpeg?resize=25%2C19&amp;ssl=1 25w, https:\/\/i0.wp.com\/www.svzweckel.de\/wp-content\/uploads\/2021\/08\/WhatsApp-Image-2021-08-12-at-15.21.33.jpeg?resize=427%2C320&amp;ssl=1 427w, https:\/\/i0.wp.com\/www.svzweckel.de\/wp-content\/uploads\/2021\/08\/WhatsApp-Image-2021-08-12-at-15.21.33.jpeg?resize=160%2C120&amp;ssl=1 160w, https:\/\/i0.wp.com\/www.svzweckel.de\/wp-content\/uploads\/2021\/08\/WhatsApp-Image-2021-08-12-at-15.21.33.jpeg?w=800&amp;ssl=1 800w\" sizes=\"auto, (max-width: 300px) 100vw, 300px\" \/> <img data-recalc-dims=\"1\" loading=\"lazy\" decoding=\"async\" class=\"alignnone size-medium wp-image-13892\" src=\"https:\/\/i0.wp.com\/www.svzweckel.de\/wp-content\/uploads\/2021\/08\/WhatsApp-Image-2021-08-12-at-15.25.26.jpeg?resize=242%2C300&#038;ssl=1\" alt=\"\" width=\"242\" height=\"300\" srcset=\"https:\/\/i0.wp.com\/www.svzweckel.de\/wp-content\/uploads\/2021\/08\/WhatsApp-Image-2021-08-12-at-15.25.26.jpeg?resize=242%2C300&amp;ssl=1 242w, https:\/\/i0.wp.com\/www.svzweckel.de\/wp-content\/uploads\/2021\/08\/WhatsApp-Image-2021-08-12-at-15.25.26.jpeg?resize=150%2C186&amp;ssl=1 150w, https:\/\/i0.wp.com\/www.svzweckel.de\/wp-content\/uploads\/2021\/08\/WhatsApp-Image-2021-08-12-at-15.25.26.jpeg?resize=81%2C100&amp;ssl=1 81w, https:\/\/i0.wp.com\/www.svzweckel.de\/wp-content\/uploads\/2021\/08\/WhatsApp-Image-2021-08-12-at-15.25.26.jpeg?resize=40%2C50&amp;ssl=1 40w, https:\/\/i0.wp.com\/www.svzweckel.de\/wp-content\/uploads\/2021\/08\/WhatsApp-Image-2021-08-12-at-15.25.26.jpeg?resize=20%2C25&amp;ssl=1 20w, https:\/\/i0.wp.com\/www.svzweckel.de\/wp-content\/uploads\/2021\/08\/WhatsApp-Image-2021-08-12-at-15.25.26.jpeg?resize=258%2C320&amp;ssl=1 258w, https:\/\/i0.wp.com\/www.svzweckel.de\/wp-content\/uploads\/2021\/08\/WhatsApp-Image-2021-08-12-at-15.25.26.jpeg?resize=97%2C120&amp;ssl=1 97w, https:\/\/i0.wp.com\/www.svzweckel.de\/wp-content\/uploads\/2021\/08\/WhatsApp-Image-2021-08-12-at-15.25.26.jpeg?w=645&amp;ssl=1 645w\" sizes=\"auto, (max-width: 242px) 100vw, 242px\" \/><\/p>\n","protected":false},"excerpt":{"rendered":"<p>Die Fu\u00dfballfabrik war wie letztes Jahr mal wieder zu Gast an der Dorstenerstra\u00dfe! Bei einem dreit\u00e4gigen Fu\u00dfballcamp waren die teilnehmenden Kinder mit spa\u00df bei der Sache und konnten viele Eindr\u00fccke f\u00fcr die kommende Saison mitnehmen! &nbsp; Wir bedanken uns bei allen Helfern und insbesondere bei der Fu\u00dfballfabrik f\u00fcr die tolle Veranstaltung! Hoffentlich sieht man sich [&hellip;]<\/p>\n","protected":false},"author":6,"featured_media":13888,"comment_status":"open","ping_status":"closed","sticky":false,"template":"","format":"standard","meta":{"_jetpack_memberships_contains_paid_content":false,"footnotes":"","jetpack_publicize_message":"","jetpack_publicize_feature_enabled":true,"jetpack_social_post_already_shared":false,"jetpack_social_options":{"image_generator_settings":{"template":"highway","default_image_id":0,"font":"","enabled":false},"version":2}},"categories":[3],"tags":[],"class_list":["post-13887","post","type-post","status-publish","format-standard","has-post-thumbnail","hentry","category-allgemein"],"jetpack_publicize_connections":[],"jetpack_featured_media_url":"https:\/\/i0.wp.com\/www.svzweckel.de\/wp-content\/uploads\/2021\/08\/WhatsApp-Image-2021-08-12-at-15.21.28-1.jpeg?fit=800%2C600&ssl=1","jetpack_sharing_enabled":true,"_links":{"self":[{"href":"https:\/\/www.svzweckel.de\/index.php?rest_route=\/wp\/v2\/posts\/13887","targetHints":{"allow":["GET"]}}],"collection":[{"href":"https:\/\/www.svzweckel.de\/index.php?rest_route=\/wp\/v2\/posts"}],"about":[{"href":"https:\/\/www.svzweckel.de\/index.php?rest_route=\/wp\/v2\/types\/post"}],"author":[{"embeddable":true,"href":"https:\/\/www.svzweckel.de\/index.php?rest_route=\/wp\/v2\/users\/6"}],"replies":[{"embeddable":true,"href":"https:\/\/www.svzweckel.de\/index.php?rest_route=%2Fwp%2Fv2%2Fcomments&post=13887"}],"version-history":[{"count":0,"href":"https:\/\/www.svzweckel.de\/index.php?rest_route=\/wp\/v2\/posts\/13887\/revisions"}],"wp:featuredmedia":[{"embeddable":true,"href":"https:\/\/www.svzweckel.de\/index.php?rest_route=\/wp\/v2\/media\/13888"}],"wp:attachment":[{"href":"https:\/\/www.svzweckel.de\/index.php?rest_route=%2Fwp%2Fv2%2Fmedia&parent=13887"}],"wp:term":[{"taxonomy":"category","embeddable":true,"href":"https:\/\/www.svzweckel.de\/index.php?rest_route=%2Fwp%2Fv2%2Fcategories&post=13887"},{"taxonomy":"post_tag","embeddable":true,"href":"https:\/\/www.svzweckel.de\/index.php?rest_route=%2Fwp%2Fv2%2Ftags&post=13887"}],"curies":[{"name":"wp","href":"https:\/\/api.w.org\/{rel}","templated":true}]}}