{"id":13898,"date":"2021-08-15T22:54:19","date_gmt":"2021-08-15T20:54:19","guid":{"rendered":"https:\/\/www.svzweckel.de\/?p=13898"},"modified":"2021-08-15T22:55:41","modified_gmt":"2021-08-15T20:55:41","slug":"starker-landesligist-gewinnt-verdient","status":"publish","type":"post","link":"https:\/\/www.svzweckel.de\/?p=13898","title":{"rendered":"Starker Landesligist gewinnt verdient"},"content":{"rendered":"<p>SV\u00a0 Zweckel &#8211;\u00a0 SpVgg Horsthausen 0:3 (0:2)<\/p>\n<p>Den Test hatte sich Trainer Guido Naumann sicherlich anders vorgestellt. Der SV Zweckel musste vor dem Spiel auf einige verletzte Spieler verzichten und auch im Spiel mussten M\u00fccahit Yavuzaslan und G\u00f6khan Avci verletzt den Platz verlassen. Im Tor stand wieder Angelo Kuschel, denn B\u00fcnyamin Ert\u00fcrk ist leider immer noch verletzt und Yasin Muslubas war urlaubsbedingt noch nicht verf\u00fcgbar.<\/p>\n<p>Trotzdem machten es die Zweckeler nicht schlecht, wurden jedoch immer wieder durch das starke Pressing und das schnelle Angriffsspiel der G\u00e4ste aus Herne unter Druck gesetzt. Auf der anderen Seite gelang es den Zweckeler Angreifern nur selten, die G\u00e4ste in Verlegenheit zu bringen. Chancen f\u00fcr die Schwarz-Gr\u00fcnen waren Mangelware, w\u00e4hrend die G\u00e4ste durch zwei Treffer in der ersten Halbzeit verdient in F\u00fchrung gingen.<\/p>\n<p>Nach dem Wechsel versuchten die Zweckeler den Druck zu erh\u00f6hen, scheiterten aber mit den wenigen Angriffen, mit denen sie durchkamen, am gegnerischen Torh\u00fcter oder waren im Abschluss einfach nicht zielstrebig genug. Es gibt f\u00fcr den Trainer also noch einige Arbeit bis zum Saisonauftakt in zwei Wochen.<\/p>\n","protected":false},"excerpt":{"rendered":"<p>SV\u00a0 Zweckel &#8211;\u00a0 SpVgg Horsthausen 0:3 (0:2) Den Test hatte sich Trainer Guido Naumann sicherlich anders vorgestellt. Der SV Zweckel musste vor dem Spiel auf einige verletzte Spieler verzichten und auch im Spiel mussten M\u00fccahit Yavuzaslan und G\u00f6khan Avci verletzt den Platz verlassen. Im Tor stand wieder Angelo Kuschel, denn B\u00fcnyamin Ert\u00fcrk ist leider immer [&hellip;]<\/p>\n","protected":false},"author":3,"featured_media":13900,"comment_status":"open","ping_status":"closed","sticky":false,"template":"","format":"standard","meta":{"_jetpack_memberships_contains_paid_content":false,"footnotes":"","jetpack_publicize_message":"","jetpack_publicize_feature_enabled":true,"jetpack_social_post_already_shared":false,"jetpack_social_options":{"image_generator_settings":{"template":"highway","default_image_id":0,"font":"","enabled":false},"version":2}},"categories":[2],"tags":[],"class_list":["post-13898","post","type-post","status-publish","format-standard","has-post-thumbnail","hentry","category-1-mannschaft"],"jetpack_publicize_connections":[],"jetpack_featured_media_url":"https:\/\/i0.wp.com\/www.svzweckel.de\/wp-content\/uploads\/2021\/08\/wp-16290607554717946775847741324917-scaled.jpg?fit=2560%2C1440&ssl=1","jetpack_sharing_enabled":true,"_links":{"self":[{"href":"https:\/\/www.svzweckel.de\/index.php?rest_route=\/wp\/v2\/posts\/13898","targetHints":{"allow":["GET"]}}],"collection":[{"href":"https:\/\/www.svzweckel.de\/index.php?rest_route=\/wp\/v2\/posts"}],"about":[{"href":"https:\/\/www.svzweckel.de\/index.php?rest_route=\/wp\/v2\/types\/post"}],"author":[{"embeddable":true,"href":"https:\/\/www.svzweckel.de\/index.php?rest_route=\/wp\/v2\/users\/3"}],"replies":[{"embeddable":true,"href":"https:\/\/www.svzweckel.de\/index.php?rest_route=%2Fwp%2Fv2%2Fcomments&post=13898"}],"version-history":[{"count":0,"href":"https:\/\/www.svzweckel.de\/index.php?rest_route=\/wp\/v2\/posts\/13898\/revisions"}],"wp:featuredmedia":[{"embeddable":true,"href":"https:\/\/www.svzweckel.de\/index.php?rest_route=\/wp\/v2\/media\/13900"}],"wp:attachment":[{"href":"https:\/\/www.svzweckel.de\/index.php?rest_route=%2Fwp%2Fv2%2Fmedia&parent=13898"}],"wp:term":[{"taxonomy":"category","embeddable":true,"href":"https:\/\/www.svzweckel.de\/index.php?rest_route=%2Fwp%2Fv2%2Fcategories&post=13898"},{"taxonomy":"post_tag","embeddable":true,"href":"https:\/\/www.svzweckel.de\/index.php?rest_route=%2Fwp%2Fv2%2Ftags&post=13898"}],"curies":[{"name":"wp","href":"https:\/\/api.w.org\/{rel}","templated":true}]}}