{"id":13904,"date":"2021-08-20T20:01:02","date_gmt":"2021-08-20T18:01:02","guid":{"rendered":"https:\/\/www.svzweckel.de\/?p=13904"},"modified":"2021-08-20T20:01:02","modified_gmt":"2021-08-20T18:01:02","slug":"corona-update-durch-den-flvw-auszug","status":"publish","type":"post","link":"https:\/\/www.svzweckel.de\/?p=13904","title":{"rendered":"Corona-Update durch den FLVW (Auszug)"},"content":{"rendered":"<div class=\"teaser-text\">\n<p>Das Land Nordrhein-Westfalen hat am Dienstag die neue Coronaschutzverordnung (CoronaSchVO) ver\u00f6ffentlicht. Diese tritt am Freitag, 20. August in Kraft und gilt zun\u00e4chst bis einschlie\u00dflich 17. September 2021.<\/p>\n<\/div>\n<div class=\"news-text-wrap\">\n<p>Die neue Verordnung ist laut Land NRW gepr\u00e4gt von dem Grundsatz, dass Geimpften und Genesenen grunds\u00e4tzlich alle Einrichtungen und Angebote wieder offenstehen. Von den bisherigen Schutzma\u00dfnahmen verbleiben nur noch eine verbindliche Maskenpflicht in Innenr\u00e4umen und an anderen infektionskritischen Orten sowie f\u00fcr nicht geimpfte oder genesene Personen bei Veranstaltungen in Innenr\u00e4umen eine Testpflicht (\u201e3G-Regel\u201c). So gibt es im Au\u00dfenbereich bei einer Inzident ab 35 landesweit und\/oder Kreis\/Stadt im Au\u00dfenbereich bis 2.500 Personen (inklusive Zuschauer) keine Einschr\u00e4nkungen mehr. Die Nutzung von Toiletten, Umkleiden etc. in Innenr\u00e4umen ist m\u00f6glich. Im Au\u00dfenbereich ab 2.501 Personen, auch hier werden die Zuschauer eingerechnet, ist der Zugang auf Geimpfte, Genesene und Getestete beschr\u00e4nkt.<\/p>\n<p>Die neue CoronaSchVO unterscheidet nur noch zwischen Sport in Innenr\u00e4umen und Sport im Au\u00dfenbereich. F\u00fcr letzteres ist ab Freitag unabh\u00e4ngig von der Inzidenz sowohl f\u00fcr die Spielerinnen und Spieler als auch f\u00fcr die Zuschauerinnen und Zuschauer (bei Freiluft-Veranstaltungen bis zu 2.500 Personen) kein 3G-Nachweis erforderlich. Ebenfalls ist keine Kontaktnachverfolgung vorgesehen. \u201eEs gibt aber bereits Kommunen, die die entsprechenden 3G-Nachweise oder Kontaktnachverfolgungslisten einfordern\u201c, sagt Manfred Schnieders (FLVW-Vizepr\u00e4sident Amateurfu\u00dfball).<\/p>\n<p>Es gelten weiter die AHA-Regeln. Bei der Nutzung von Duschen und Umkleiden muss dar\u00fcber hinaus sichergestellt sein, dass die R\u00e4umlichkeiten ausreichend gel\u00fcftet und entsprechend desinfiziert werden.<\/p>\n<p>Schulpflichtige Kinder und Jugendliche werden w\u00f6chentlich mehrfach in der Schule getestet. Insofern gen\u00fcgt die Vorlage des Sch\u00fclerausweises als 3G-Nachweis (\u201egetestet\u201c).<\/p>\n<p>Die FLVW-CheckIn App ist seit Monaten ein wichtiger Begleiter der westf\u00e4lischen Vereine. Aufgrund der Regelungen in der CoronaSchVO haben FLVW Marketing GmbH und der FLVW folgende neue Funktionen in der kostenlosen App implementiert:<\/p>\n<ul>\n<li><b>3G-Regel<\/b>:\u00a0Je nach Inzidenz-Zahlen muss die 3G-Regel ber\u00fccksichtigt werden. Diese kann nun in der FLVW-CheckIn App f\u00fcr alle Vereinsangeh\u00f6rigen, Gast-Teams, Athletinnen und Athleten sowie Zuschauerinnen und Zuschauer aktiviert oder deaktiviert werden.<\/li>\n<li><b>Verschieben von Sportlern\/Sportlerinnen<\/b>:\u00a0Aktive k\u00f6nnen nun einfach von einem Team in das andere verschoben werden.<\/li>\n<li><b>Spiele innerhalb des Vereins<\/b>:\u00a0Testspiele k\u00f6nnen innerhalb des Vereins angelegt werden (Beispiel: A-Jugend gegen B-Jugend).<\/li>\n<li><b>Turniere<\/b>:\u00a0F\u00fcr Turniere k\u00f6nnen alle Vereine die Veranstaltungsart \u201eWettkampf\u201c w\u00e4hlen.<\/li>\n<\/ul>\n<p><strong>Lasst euch impfen! Die Vereine haben es selbst in der Hand, ob eine Saison im Fu\u00dfball zu Ende gespielt werden kann oder nicht.<br \/>\n<\/strong><\/p>\n<\/div>\n","protected":false},"excerpt":{"rendered":"<p>Das Land Nordrhein-Westfalen hat am Dienstag die neue Coronaschutzverordnung (CoronaSchVO) ver\u00f6ffentlicht. Diese tritt am Freitag, 20. August in Kraft und gilt zun\u00e4chst bis einschlie\u00dflich 17. September 2021. Die neue Verordnung ist laut Land NRW gepr\u00e4gt von dem Grundsatz, dass Geimpften und Genesenen grunds\u00e4tzlich alle Einrichtungen und Angebote wieder offenstehen. Von den bisherigen Schutzma\u00dfnahmen verbleiben nur [&hellip;]<\/p>\n","protected":false},"author":3,"featured_media":12628,"comment_status":"open","ping_status":"closed","sticky":false,"template":"","format":"standard","meta":{"_jetpack_memberships_contains_paid_content":false,"footnotes":"","jetpack_publicize_message":"","jetpack_publicize_feature_enabled":true,"jetpack_social_post_already_shared":false,"jetpack_social_options":{"image_generator_settings":{"template":"highway","default_image_id":0,"font":"","enabled":false},"version":2}},"categories":[3],"tags":[],"class_list":["post-13904","post","type-post","status-publish","format-standard","has-post-thumbnail","hentry","category-allgemein"],"jetpack_publicize_connections":[],"jetpack_featured_media_url":"https:\/\/i0.wp.com\/www.svzweckel.de\/wp-content\/uploads\/2019\/10\/csm_Feature_FLVW_Bande_464f77fd88.jpg?fit=800%2C451&ssl=1","jetpack_sharing_enabled":true,"_links":{"self":[{"href":"https:\/\/www.svzweckel.de\/index.php?rest_route=\/wp\/v2\/posts\/13904","targetHints":{"allow":["GET"]}}],"collection":[{"href":"https:\/\/www.svzweckel.de\/index.php?rest_route=\/wp\/v2\/posts"}],"about":[{"href":"https:\/\/www.svzweckel.de\/index.php?rest_route=\/wp\/v2\/types\/post"}],"author":[{"embeddable":true,"href":"https:\/\/www.svzweckel.de\/index.php?rest_route=\/wp\/v2\/users\/3"}],"replies":[{"embeddable":true,"href":"https:\/\/www.svzweckel.de\/index.php?rest_route=%2Fwp%2Fv2%2Fcomments&post=13904"}],"version-history":[{"count":0,"href":"https:\/\/www.svzweckel.de\/index.php?rest_route=\/wp\/v2\/posts\/13904\/revisions"}],"wp:featuredmedia":[{"embeddable":true,"href":"https:\/\/www.svzweckel.de\/index.php?rest_route=\/wp\/v2\/media\/12628"}],"wp:attachment":[{"href":"https:\/\/www.svzweckel.de\/index.php?rest_route=%2Fwp%2Fv2%2Fmedia&parent=13904"}],"wp:term":[{"taxonomy":"category","embeddable":true,"href":"https:\/\/www.svzweckel.de\/index.php?rest_route=%2Fwp%2Fv2%2Fcategories&post=13904"},{"taxonomy":"post_tag","embeddable":true,"href":"https:\/\/www.svzweckel.de\/index.php?rest_route=%2Fwp%2Fv2%2Ftags&post=13904"}],"curies":[{"name":"wp","href":"https:\/\/api.w.org\/{rel}","templated":true}]}}