{"id":13922,"date":"2021-08-26T21:45:49","date_gmt":"2021-08-26T19:45:49","guid":{"rendered":"https:\/\/www.svzweckel.de\/?p=13922"},"modified":"2021-08-26T21:56:54","modified_gmt":"2021-08-26T19:56:54","slug":"saeuberungsaktion-auf-dem-sportplatz","status":"publish","type":"post","link":"https:\/\/www.svzweckel.de\/?p=13922","title":{"rendered":"S\u00e4uberungsaktion auf dem Sportplatz"},"content":{"rendered":"<p>W\u00e4hrend der Pandemie fand auf dem Sportplatz bekannterma\u00dfen kein Sport statt. Das hei\u00dft allerdings nicht, dass in den letzten anderhalb Jahren auf der Anlage gar nichts abging.<\/p>\n<p>Die Natur hatte keine Ruhepause und wuchs dem Heimatverein praktisch \u00fcber den Kopf hinaus. In manchen Bereichen der Treppenstufen stand der Bewuchs meterhoch.<\/p>\n<p>Eine Woche Arbeit musste schon investiert investiert werden, damit sich die Sportanlage wieder in einem einigerma\u00dfen vern\u00fcnftigen Zustand befindet.<\/p>\n<p><img data-recalc-dims=\"1\" loading=\"lazy\" decoding=\"async\" class=\"alignnone wp-image-13924\" src=\"https:\/\/i0.wp.com\/www.svzweckel.de\/wp-content\/uploads\/2021\/08\/IMG_20210810_082503.jpg?resize=640%2C480&#038;ssl=1\" alt=\"\" width=\"640\" height=\"480\" srcset=\"https:\/\/i0.wp.com\/www.svzweckel.de\/wp-content\/uploads\/2021\/08\/IMG_20210810_082503.jpg?w=800&amp;ssl=1 800w, https:\/\/i0.wp.com\/www.svzweckel.de\/wp-content\/uploads\/2021\/08\/IMG_20210810_082503.jpg?resize=300%2C225&amp;ssl=1 300w, https:\/\/i0.wp.com\/www.svzweckel.de\/wp-content\/uploads\/2021\/08\/IMG_20210810_082503.jpg?resize=768%2C576&amp;ssl=1 768w, https:\/\/i0.wp.com\/www.svzweckel.de\/wp-content\/uploads\/2021\/08\/IMG_20210810_082503.jpg?resize=150%2C113&amp;ssl=1 150w, https:\/\/i0.wp.com\/www.svzweckel.de\/wp-content\/uploads\/2021\/08\/IMG_20210810_082503.jpg?resize=100%2C75&amp;ssl=1 100w, https:\/\/i0.wp.com\/www.svzweckel.de\/wp-content\/uploads\/2021\/08\/IMG_20210810_082503.jpg?resize=50%2C38&amp;ssl=1 50w, https:\/\/i0.wp.com\/www.svzweckel.de\/wp-content\/uploads\/2021\/08\/IMG_20210810_082503.jpg?resize=25%2C19&amp;ssl=1 25w, https:\/\/i0.wp.com\/www.svzweckel.de\/wp-content\/uploads\/2021\/08\/IMG_20210810_082503.jpg?resize=427%2C320&amp;ssl=1 427w, https:\/\/i0.wp.com\/www.svzweckel.de\/wp-content\/uploads\/2021\/08\/IMG_20210810_082503.jpg?resize=160%2C120&amp;ssl=1 160w\" sizes=\"auto, (max-width: 640px) 100vw, 640px\" \/><\/p>\n<p>&nbsp;<\/p>\n","protected":false},"excerpt":{"rendered":"<p>W\u00e4hrend der Pandemie fand auf dem Sportplatz bekannterma\u00dfen kein Sport statt. Das hei\u00dft allerdings nicht, dass in den letzten anderhalb Jahren auf der Anlage gar nichts abging. Die Natur hatte keine Ruhepause und wuchs dem Heimatverein praktisch \u00fcber den Kopf hinaus. In manchen Bereichen der Treppenstufen stand der Bewuchs meterhoch. Eine Woche Arbeit musste schon [&hellip;]<\/p>\n","protected":false},"author":3,"featured_media":13923,"comment_status":"open","ping_status":"closed","sticky":false,"template":"","format":"standard","meta":{"_jetpack_memberships_contains_paid_content":false,"footnotes":"","jetpack_publicize_message":"","jetpack_publicize_feature_enabled":true,"jetpack_social_post_already_shared":false,"jetpack_social_options":{"image_generator_settings":{"template":"highway","default_image_id":0,"font":"","enabled":false},"version":2}},"categories":[3],"tags":[],"class_list":["post-13922","post","type-post","status-publish","format-standard","has-post-thumbnail","hentry","category-allgemein"],"jetpack_publicize_connections":[],"jetpack_featured_media_url":"https:\/\/i0.wp.com\/www.svzweckel.de\/wp-content\/uploads\/2021\/08\/IMG_20210810_082448.jpg?fit=800%2C600&ssl=1","jetpack_sharing_enabled":true,"_links":{"self":[{"href":"https:\/\/www.svzweckel.de\/index.php?rest_route=\/wp\/v2\/posts\/13922","targetHints":{"allow":["GET"]}}],"collection":[{"href":"https:\/\/www.svzweckel.de\/index.php?rest_route=\/wp\/v2\/posts"}],"about":[{"href":"https:\/\/www.svzweckel.de\/index.php?rest_route=\/wp\/v2\/types\/post"}],"author":[{"embeddable":true,"href":"https:\/\/www.svzweckel.de\/index.php?rest_route=\/wp\/v2\/users\/3"}],"replies":[{"embeddable":true,"href":"https:\/\/www.svzweckel.de\/index.php?rest_route=%2Fwp%2Fv2%2Fcomments&post=13922"}],"version-history":[{"count":0,"href":"https:\/\/www.svzweckel.de\/index.php?rest_route=\/wp\/v2\/posts\/13922\/revisions"}],"wp:featuredmedia":[{"embeddable":true,"href":"https:\/\/www.svzweckel.de\/index.php?rest_route=\/wp\/v2\/media\/13923"}],"wp:attachment":[{"href":"https:\/\/www.svzweckel.de\/index.php?rest_route=%2Fwp%2Fv2%2Fmedia&parent=13922"}],"wp:term":[{"taxonomy":"category","embeddable":true,"href":"https:\/\/www.svzweckel.de\/index.php?rest_route=%2Fwp%2Fv2%2Fcategories&post=13922"},{"taxonomy":"post_tag","embeddable":true,"href":"https:\/\/www.svzweckel.de\/index.php?rest_route=%2Fwp%2Fv2%2Ftags&post=13922"}],"curies":[{"name":"wp","href":"https:\/\/api.w.org\/{rel}","templated":true}]}}