{"id":13930,"date":"2021-08-27T21:19:03","date_gmt":"2021-08-27T19:19:03","guid":{"rendered":"https:\/\/www.svzweckel.de\/?p=13930"},"modified":"2021-08-27T21:19:03","modified_gmt":"2021-08-27T19:19:03","slug":"anspruchsvoller-auftakt-fuer-die-reserve","status":"publish","type":"post","link":"https:\/\/www.svzweckel.de\/?p=13930","title":{"rendered":"Anspruchsvoller Auftakt f\u00fcr die Reserve"},"content":{"rendered":"<p>Sonntag, 29.08.21, 15:00 Uhr: SV Zweckel II &#8211; Eintracht Erle<\/p>\n<p>Der Auftakt f\u00fcr die Zweckeler Reserve h\u00e4tte kaum schwerer sein k\u00f6nnen. Direkt im ersten Spiel kommt einer der erkl\u00e4rten Aufstiegsfavoriten an die Dorstener Stra\u00dfe und wird es der Mannschaft von Trainer Perry Pfeng und &#8222;Co&#8220; Steven Marckowiak schwer machen siegreich zu sein.<\/p>\n<p>Die Vorbereitung der Zweckeler war durchwachsen und die Mannschaft hat sehr unterschiedliche Ergebnisse erzielt. Im letzten Test gewannen die Schwarz-Gr\u00fcnen allerdings mit 5:2 gegen die Spvgg Middelich-Resse 71\/81, welche in der Kreisliga A2 um Punkte k\u00e4mpft.<\/p>\n<p>Das Trainergespann muss leider noch auf den einen oder anderen Akteur verzichten, der entweder verletzt ist oder sich im Urlaub befindet.<\/p>\n<p>Das soll die Heimmmannschaft jedoch nicht davon abhalten, den Gast aus Gelsenkirchen mit aller Macht zu bek\u00e4mpfen und im heimischen K\u00e4fig zu zeigen, dass man die Punkte nicht in Zweckel behalten m\u00f6chte. Der Regen der vergangenen Tage hat zumindest daf\u00fcr gesorgt, dass der Staub sich auf dem &#8222;roten&#8220; Rasen in Grenzen halten wird.<\/p>\n","protected":false},"excerpt":{"rendered":"<p>Sonntag, 29.08.21, 15:00 Uhr: SV Zweckel II &#8211; Eintracht Erle Der Auftakt f\u00fcr die Zweckeler Reserve h\u00e4tte kaum schwerer sein k\u00f6nnen. Direkt im ersten Spiel kommt einer der erkl\u00e4rten Aufstiegsfavoriten an die Dorstener Stra\u00dfe und wird es der Mannschaft von Trainer Perry Pfeng und &#8222;Co&#8220; Steven Marckowiak schwer machen siegreich zu sein. Die Vorbereitung der [&hellip;]<\/p>\n","protected":false},"author":3,"featured_media":13897,"comment_status":"open","ping_status":"closed","sticky":false,"template":"","format":"standard","meta":{"_jetpack_memberships_contains_paid_content":false,"footnotes":"","jetpack_publicize_message":"","jetpack_publicize_feature_enabled":true,"jetpack_social_post_already_shared":false,"jetpack_social_options":{"image_generator_settings":{"template":"highway","default_image_id":0,"font":"","enabled":false},"version":2}},"categories":[20],"tags":[],"class_list":["post-13930","post","type-post","status-publish","format-standard","has-post-thumbnail","hentry","category-2-mannschaft"],"jetpack_publicize_connections":[],"jetpack_featured_media_url":"https:\/\/i0.wp.com\/www.svzweckel.de\/wp-content\/uploads\/2021\/08\/wp-16290597594319168850653074617861-scaled.jpg?fit=2560%2C1440&ssl=1","jetpack_sharing_enabled":true,"_links":{"self":[{"href":"https:\/\/www.svzweckel.de\/index.php?rest_route=\/wp\/v2\/posts\/13930","targetHints":{"allow":["GET"]}}],"collection":[{"href":"https:\/\/www.svzweckel.de\/index.php?rest_route=\/wp\/v2\/posts"}],"about":[{"href":"https:\/\/www.svzweckel.de\/index.php?rest_route=\/wp\/v2\/types\/post"}],"author":[{"embeddable":true,"href":"https:\/\/www.svzweckel.de\/index.php?rest_route=\/wp\/v2\/users\/3"}],"replies":[{"embeddable":true,"href":"https:\/\/www.svzweckel.de\/index.php?rest_route=%2Fwp%2Fv2%2Fcomments&post=13930"}],"version-history":[{"count":0,"href":"https:\/\/www.svzweckel.de\/index.php?rest_route=\/wp\/v2\/posts\/13930\/revisions"}],"wp:featuredmedia":[{"embeddable":true,"href":"https:\/\/www.svzweckel.de\/index.php?rest_route=\/wp\/v2\/media\/13897"}],"wp:attachment":[{"href":"https:\/\/www.svzweckel.de\/index.php?rest_route=%2Fwp%2Fv2%2Fmedia&parent=13930"}],"wp:term":[{"taxonomy":"category","embeddable":true,"href":"https:\/\/www.svzweckel.de\/index.php?rest_route=%2Fwp%2Fv2%2Fcategories&post=13930"},{"taxonomy":"post_tag","embeddable":true,"href":"https:\/\/www.svzweckel.de\/index.php?rest_route=%2Fwp%2Fv2%2Ftags&post=13930"}],"curies":[{"name":"wp","href":"https:\/\/api.w.org\/{rel}","templated":true}]}}