{"id":13934,"date":"2021-08-27T22:25:53","date_gmt":"2021-08-27T20:25:53","guid":{"rendered":"https:\/\/www.svzweckel.de\/?p=13934"},"modified":"2021-08-27T23:37:03","modified_gmt":"2021-08-27T21:37:03","slug":"auftaktderby-in-kirchhellen","status":"publish","type":"post","link":"https:\/\/www.svzweckel.de\/?p=13934","title":{"rendered":"Auftaktderby in Kirchhellen"},"content":{"rendered":"\n<p>Sonntag, 29.08.21, 15:00 Uhr: VfB Kirchhellen &#8211; SV Zweckel<\/p>\n\n\n\n<p>Die Zweckeler beginnen die neue Bezirksligasaison mit einem Derby beim Nachbarn VfB Kirchhellen. Trainer Guido Naumann muss leider auf seine etatm\u00e4\u00dfigen St\u00fcrmer Jan Schwers und Alexander Tschalumjan verzichten. Ersterer ist beruflich verhindert, der Zweite hat sich leider wieder eine Oberschenkelverletzung zugezogen.<\/p>\n\n\n\n<p>M\u00f6glicherweise muss der Coach auch auf den erfahrenen und wichtigen Spieler G\u00f6khan Avci verzichten, der sich schon in der letzten Woche verletzte. Das bedeutet, dass vermutlich viele junge Akteure eine Chance auf die Startelf bekommen.<\/p>\n\n\n\n<p>Tristan Oben-Stintenberg, der in der vergangenen Spielzeit noch f\u00fcr Kirchhellen auflief, in der Jugend allerdings mehrere Jahre f\u00fcr den SV Zweckel spielte, k\u00f6nnte m\u00f6glicherweise in der Startformation stehen. Trainer Guido Naumann attestierte ihm eine sehr gute Entwicklung in der Vorbereitungszeit, weshalb es auch wahrscheinlich ist, dass er in der ersten Elf auflaufen wird.<\/p>\n\n\n\n<p>Nach der R\u00fcckkehr von Yasin Muslubas steht den Schwarz-Gr\u00fcnen wieder der etatm\u00e4\u00dfige Torh\u00fcter zur Verf\u00fcgung. B\u00fcnyamin Ert\u00fcrk hat nach langer Verletzung erst wieder mit dem Lautraining angefangen, befindet sich aktuell au\u00dferdem noch im Urlaub.<\/p>\n\n\n\n<p>Die Vorbereitungsspiele der sonnt\u00e4glichen Kontrahenten waren vom Ergebnis unterschiedlich, das die Zweckeler s\u00e4mtliche Spiele gegen A-Ligisten gewannen, die Kirchhellener jedoch die Spiele gegen unterklassigere Gegner verloren. Dagegen gewannen die Gastgeber gegen die Landesligisten Dorsten-Hardt und Viktoria Heiden sehr souver\u00e4n.<\/p>\n\n\n\n<p>Der VfB Kirchhellen feiert in dieser Woche das 100j\u00e4hrige Vereinsjubil\u00e4um und beendet am Sonntag die Festwoche mit dem Derby gegen den SV Zweckel. Nat\u00fcrlich wollen die Zweckeler den Nachbarn nicht das Fest verderben, werden das Spiel jedoch nicht herschenken und im besten Fall die Punkte mit nach Zweckel nehmen.<\/p>\n","protected":false},"excerpt":{"rendered":"<p>Sonntag, 29.08.21, 15:00 Uhr: VfB Kirchhellen &#8211; SV Zweckel Die Zweckeler beginnen die neue Bezirksligasaison mit einem Derby beim Nachbarn VfB Kirchhellen. Trainer Guido Naumann muss leider auf seine etatm\u00e4\u00dfigen St\u00fcrmer Jan Schwers und Alexander Tschalumjan verzichten. Ersterer ist beruflich verhindert, der Zweite hat sich leider wieder eine Oberschenkelverletzung zugezogen. M\u00f6glicherweise muss der Coach auch [&hellip;]<\/p>\n","protected":false},"author":3,"featured_media":13801,"comment_status":"open","ping_status":"closed","sticky":false,"template":"","format":"standard","meta":{"_jetpack_memberships_contains_paid_content":false,"footnotes":"","jetpack_publicize_message":"","jetpack_publicize_feature_enabled":true,"jetpack_social_post_already_shared":false,"jetpack_social_options":{"image_generator_settings":{"template":"highway","default_image_id":0,"font":"","enabled":false},"version":2}},"categories":[3],"tags":[],"class_list":["post-13934","post","type-post","status-publish","format-standard","has-post-thumbnail","hentry","category-allgemein"],"jetpack_publicize_connections":[],"jetpack_featured_media_url":"https:\/\/i0.wp.com\/www.svzweckel.de\/wp-content\/uploads\/2021\/07\/DSC00027.jpg?fit=800%2C533&ssl=1","jetpack_sharing_enabled":true,"_links":{"self":[{"href":"https:\/\/www.svzweckel.de\/index.php?rest_route=\/wp\/v2\/posts\/13934","targetHints":{"allow":["GET"]}}],"collection":[{"href":"https:\/\/www.svzweckel.de\/index.php?rest_route=\/wp\/v2\/posts"}],"about":[{"href":"https:\/\/www.svzweckel.de\/index.php?rest_route=\/wp\/v2\/types\/post"}],"author":[{"embeddable":true,"href":"https:\/\/www.svzweckel.de\/index.php?rest_route=\/wp\/v2\/users\/3"}],"replies":[{"embeddable":true,"href":"https:\/\/www.svzweckel.de\/index.php?rest_route=%2Fwp%2Fv2%2Fcomments&post=13934"}],"version-history":[{"count":0,"href":"https:\/\/www.svzweckel.de\/index.php?rest_route=\/wp\/v2\/posts\/13934\/revisions"}],"wp:featuredmedia":[{"embeddable":true,"href":"https:\/\/www.svzweckel.de\/index.php?rest_route=\/wp\/v2\/media\/13801"}],"wp:attachment":[{"href":"https:\/\/www.svzweckel.de\/index.php?rest_route=%2Fwp%2Fv2%2Fmedia&parent=13934"}],"wp:term":[{"taxonomy":"category","embeddable":true,"href":"https:\/\/www.svzweckel.de\/index.php?rest_route=%2Fwp%2Fv2%2Fcategories&post=13934"},{"taxonomy":"post_tag","embeddable":true,"href":"https:\/\/www.svzweckel.de\/index.php?rest_route=%2Fwp%2Fv2%2Ftags&post=13934"}],"curies":[{"name":"wp","href":"https:\/\/api.w.org\/{rel}","templated":true}]}}