{"id":13959,"date":"2021-09-01T23:12:22","date_gmt":"2021-09-01T21:12:22","guid":{"rendered":"https:\/\/www.svzweckel.de\/?p=13959"},"modified":"2021-09-02T21:38:38","modified_gmt":"2021-09-02T19:38:38","slug":"jugend-saisoneroeffnung-am-04-09","status":"publish","type":"post","link":"https:\/\/www.svzweckel.de\/?p=13959","title":{"rendered":"Jugend-Saisoner\u00f6ffnung am 04.09.!"},"content":{"rendered":"\n<p>Die Saisoner\u00f6ffnung der Jugend startet dieses Jahr am 04.09. um 15 Uhr! F\u00fcr das leibliche Wohl und eine Menge spa\u00df ist gesorgt! <\/p>\n\n\n\n<p><\/p>\n\n\n\n<p>Eltern-Kind Fu\u00dfballspiel, H\u00fcpfburg, Popcorn und Torwandschie\u00dfen und vieles mehr erwartet euch bei uns!<\/p>\n\n\n\n<p><\/p>\n\n\n\n<p>Wir vom SVZ-Jugendvorstand w\u00fcrden uns \u00fcber ein zahlreiches Erscheinen freuen und w\u00fcnschen allen Kindern einen guten Start in die neue Spielzeit!<\/p>\n\n\n\n<p><\/p>\n\n\n\n<p>Mit sportlichen Gr\u00fc\u00dfen<\/p>\n\n\n\n<p><\/p>\n\n\n\n<p>Euer Jugendvorstand!<\/p>\n","protected":false},"excerpt":{"rendered":"<p>Die Saisoner\u00f6ffnung der Jugend startet dieses Jahr am 04.09. um 15 Uhr! F\u00fcr das leibliche Wohl und eine Menge spa\u00df ist gesorgt! Eltern-Kind Fu\u00dfballspiel, H\u00fcpfburg, Popcorn und Torwandschie\u00dfen und vieles mehr erwartet euch bei uns! Wir vom SVZ-Jugendvorstand w\u00fcrden uns \u00fcber ein zahlreiches Erscheinen freuen und w\u00fcnschen allen Kindern einen guten Start in die neue [&hellip;]<\/p>\n","protected":false},"author":6,"featured_media":13960,"comment_status":"open","ping_status":"closed","sticky":false,"template":"","format":"standard","meta":{"_jetpack_memberships_contains_paid_content":false,"footnotes":"","jetpack_publicize_message":"","jetpack_publicize_feature_enabled":true,"jetpack_social_post_already_shared":false,"jetpack_social_options":{"image_generator_settings":{"template":"highway","default_image_id":0,"font":"","enabled":false},"version":2}},"categories":[3],"tags":[],"class_list":["post-13959","post","type-post","status-publish","format-standard","has-post-thumbnail","hentry","category-allgemein"],"jetpack_publicize_connections":[],"jetpack_featured_media_url":"https:\/\/i0.wp.com\/www.svzweckel.de\/wp-content\/uploads\/2021\/09\/WhatsApp-Image-2021-09-01-at-22.38.37-e1630530677427.jpeg?fit=1079%2C706&ssl=1","jetpack_sharing_enabled":true,"_links":{"self":[{"href":"https:\/\/www.svzweckel.de\/index.php?rest_route=\/wp\/v2\/posts\/13959","targetHints":{"allow":["GET"]}}],"collection":[{"href":"https:\/\/www.svzweckel.de\/index.php?rest_route=\/wp\/v2\/posts"}],"about":[{"href":"https:\/\/www.svzweckel.de\/index.php?rest_route=\/wp\/v2\/types\/post"}],"author":[{"embeddable":true,"href":"https:\/\/www.svzweckel.de\/index.php?rest_route=\/wp\/v2\/users\/6"}],"replies":[{"embeddable":true,"href":"https:\/\/www.svzweckel.de\/index.php?rest_route=%2Fwp%2Fv2%2Fcomments&post=13959"}],"version-history":[{"count":0,"href":"https:\/\/www.svzweckel.de\/index.php?rest_route=\/wp\/v2\/posts\/13959\/revisions"}],"wp:featuredmedia":[{"embeddable":true,"href":"https:\/\/www.svzweckel.de\/index.php?rest_route=\/wp\/v2\/media\/13960"}],"wp:attachment":[{"href":"https:\/\/www.svzweckel.de\/index.php?rest_route=%2Fwp%2Fv2%2Fmedia&parent=13959"}],"wp:term":[{"taxonomy":"category","embeddable":true,"href":"https:\/\/www.svzweckel.de\/index.php?rest_route=%2Fwp%2Fv2%2Fcategories&post=13959"},{"taxonomy":"post_tag","embeddable":true,"href":"https:\/\/www.svzweckel.de\/index.php?rest_route=%2Fwp%2Fv2%2Ftags&post=13959"}],"curies":[{"name":"wp","href":"https:\/\/api.w.org\/{rel}","templated":true}]}}