{"id":13981,"date":"2021-09-03T12:05:17","date_gmt":"2021-09-03T10:05:17","guid":{"rendered":"https:\/\/www.svzweckel.de\/?p=13981"},"modified":"2021-09-03T12:05:17","modified_gmt":"2021-09-03T10:05:17","slug":"die-reserve-muss-zum-derby-nach-rentfort","status":"publish","type":"post","link":"https:\/\/www.svzweckel.de\/?p=13981","title":{"rendered":"Die Reserve muss zum Derby nach Rentfort"},"content":{"rendered":"<p><strong>Sonntag, 05.09.21, 13:15 Uhr: BV Rentfort II &#8211; SV Zweckel II<\/strong><\/p>\n<p>Am letzten Sonntag kassierten die Zweckeler zum Saisonauftakt eine herbe Niederlage gegen den Aufstiegsfavoriten Eintracht Erle. Mit 2:6 verloren die Schwarz-Gr\u00fcnen das Spiel noch deutlich, nachdem sie bis zu 71. Minute noch mit 2:1 gef\u00fchrt hatten. In den letzten zehn Minuten schlugen die G\u00e4ste noch viermal zu und gewannen verdient, allerdings sicher mit zweit Toren zu hoch im heimischen K\u00e4fig.<\/p>\n<p>Der BV Rentfort gewann mit 2:3 beim FC Horst 59 und erwischte somit einen perfekten Start in die Saison.<\/p>\n<p>F\u00fcr den SV Zweckel wird es auf dem ungewohnten Kunstrasenplatz an der Hegestra\u00dfe sicher nicht leicht gegen die junge, motivierte Rentforter Mannschaft zum Erfolg zu kommen.<\/p>\n<p>Trainer Perry Pfeng wird m\u00f6glicherweise wieder auf de einen oder anderen Akteur zur\u00fcckgreifen k\u00f6nnen, der aus unterschiedlichen Gr\u00fcnden am vergangenen Sonntag nicht zur Verf\u00fcgung stand.<\/p>\n","protected":false},"excerpt":{"rendered":"<p>Sonntag, 05.09.21, 13:15 Uhr: BV Rentfort II &#8211; SV Zweckel II Am letzten Sonntag kassierten die Zweckeler zum Saisonauftakt eine herbe Niederlage gegen den Aufstiegsfavoriten Eintracht Erle. Mit 2:6 verloren die Schwarz-Gr\u00fcnen das Spiel noch deutlich, nachdem sie bis zu 71. Minute noch mit 2:1 gef\u00fchrt hatten. In den letzten zehn Minuten schlugen die G\u00e4ste [&hellip;]<\/p>\n","protected":false},"author":3,"featured_media":13567,"comment_status":"open","ping_status":"closed","sticky":false,"template":"","format":"standard","meta":{"_jetpack_memberships_contains_paid_content":false,"footnotes":"","jetpack_publicize_message":"","jetpack_publicize_feature_enabled":true,"jetpack_social_post_already_shared":false,"jetpack_social_options":{"image_generator_settings":{"template":"highway","default_image_id":0,"font":"","enabled":false},"version":2}},"categories":[20],"tags":[],"class_list":["post-13981","post","type-post","status-publish","format-standard","has-post-thumbnail","hentry","category-2-mannschaft"],"jetpack_publicize_connections":[],"jetpack_featured_media_url":"https:\/\/i0.wp.com\/www.svzweckel.de\/wp-content\/uploads\/2020\/10\/wp-16033789843946844913731180738838.jpg?fit=1600%2C1200&ssl=1","jetpack_sharing_enabled":true,"_links":{"self":[{"href":"https:\/\/www.svzweckel.de\/index.php?rest_route=\/wp\/v2\/posts\/13981","targetHints":{"allow":["GET"]}}],"collection":[{"href":"https:\/\/www.svzweckel.de\/index.php?rest_route=\/wp\/v2\/posts"}],"about":[{"href":"https:\/\/www.svzweckel.de\/index.php?rest_route=\/wp\/v2\/types\/post"}],"author":[{"embeddable":true,"href":"https:\/\/www.svzweckel.de\/index.php?rest_route=\/wp\/v2\/users\/3"}],"replies":[{"embeddable":true,"href":"https:\/\/www.svzweckel.de\/index.php?rest_route=%2Fwp%2Fv2%2Fcomments&post=13981"}],"version-history":[{"count":0,"href":"https:\/\/www.svzweckel.de\/index.php?rest_route=\/wp\/v2\/posts\/13981\/revisions"}],"wp:featuredmedia":[{"embeddable":true,"href":"https:\/\/www.svzweckel.de\/index.php?rest_route=\/wp\/v2\/media\/13567"}],"wp:attachment":[{"href":"https:\/\/www.svzweckel.de\/index.php?rest_route=%2Fwp%2Fv2%2Fmedia&parent=13981"}],"wp:term":[{"taxonomy":"category","embeddable":true,"href":"https:\/\/www.svzweckel.de\/index.php?rest_route=%2Fwp%2Fv2%2Fcategories&post=13981"},{"taxonomy":"post_tag","embeddable":true,"href":"https:\/\/www.svzweckel.de\/index.php?rest_route=%2Fwp%2Fv2%2Ftags&post=13981"}],"curies":[{"name":"wp","href":"https:\/\/api.w.org\/{rel}","templated":true}]}}