{"id":14036,"date":"2021-09-12T21:33:27","date_gmt":"2021-09-12T19:33:27","guid":{"rendered":"https:\/\/www.svzweckel.de\/?p=14036"},"modified":"2021-09-12T21:33:27","modified_gmt":"2021-09-12T19:33:27","slug":"reserve-sichert-sich-den-ersten-saisonsieg","status":"publish","type":"post","link":"https:\/\/www.svzweckel.de\/?p=14036","title":{"rendered":"Reserve sichert sich den ersten Saisonsieg"},"content":{"rendered":"<p>Die Reserve pr\u00e4sentierte sich zu Gast bei FC Horst 59 \u00fcberzeugend und konnte die ersten drei Punkte der Saison einfahren.<\/p>\n<p>Zun\u00e4chst verschlief die Zweitvertretung allerdings die Anfangsminuten und musste einen fr\u00fchen R\u00fcckstand hinnehmen. Allerdings \u00fcbernahmen die Zweckeler mehr und mehr das Spiel und konnten zeitnah ausgleichen. Ein direkt verwandelter Freisto\u00df brachte die verdiente 1:2 F\u00fchrung. Diese konnte bis zur Halbzeit auf 1:5 ausgebaut werden, so dass die Weichen bereits auf Sieg gestellt waren.<\/p>\n<p>In der zweiten Halbzeit zeigte sich die Reserve weiter \u201ehungrig\u201c auf Tore und konnte durch teilweise sehenswerte Kombinationen das Ergebnis auf 1:9 hochschrauben. Dies blieb auch der Endstand.<\/p>\n<p>Am n\u00e4chsten Sonntag um 15 Uhr ist mit FSM Gladbeck einer der Aufstiegsfavoriten zu Gast an der Dorstener Stra\u00dfe.<\/p>\n","protected":false},"excerpt":{"rendered":"<p>Die Reserve pr\u00e4sentierte sich zu Gast bei FC Horst 59 \u00fcberzeugend und konnte die ersten drei Punkte der Saison einfahren. Zun\u00e4chst verschlief die Zweitvertretung allerdings die Anfangsminuten und musste einen fr\u00fchen R\u00fcckstand hinnehmen. Allerdings \u00fcbernahmen die Zweckeler mehr und mehr das Spiel und konnten zeitnah ausgleichen. Ein direkt verwandelter Freisto\u00df brachte die verdiente 1:2 F\u00fchrung. [&hellip;]<\/p>\n","protected":false},"author":3,"featured_media":13539,"comment_status":"open","ping_status":"closed","sticky":false,"template":"","format":"standard","meta":{"_jetpack_memberships_contains_paid_content":false,"footnotes":"","jetpack_publicize_message":"","jetpack_publicize_feature_enabled":true,"jetpack_social_post_already_shared":false,"jetpack_social_options":{"image_generator_settings":{"template":"highway","default_image_id":0,"font":"","enabled":false},"version":2}},"categories":[20],"tags":[],"class_list":["post-14036","post","type-post","status-publish","format-standard","has-post-thumbnail","hentry","category-2-mannschaft"],"jetpack_publicize_connections":[],"jetpack_featured_media_url":"https:\/\/i0.wp.com\/www.svzweckel.de\/wp-content\/uploads\/2020\/10\/wp-16024187156996468016527564646192-scaled.jpg?fit=2560%2C1440&ssl=1","jetpack_sharing_enabled":true,"_links":{"self":[{"href":"https:\/\/www.svzweckel.de\/index.php?rest_route=\/wp\/v2\/posts\/14036","targetHints":{"allow":["GET"]}}],"collection":[{"href":"https:\/\/www.svzweckel.de\/index.php?rest_route=\/wp\/v2\/posts"}],"about":[{"href":"https:\/\/www.svzweckel.de\/index.php?rest_route=\/wp\/v2\/types\/post"}],"author":[{"embeddable":true,"href":"https:\/\/www.svzweckel.de\/index.php?rest_route=\/wp\/v2\/users\/3"}],"replies":[{"embeddable":true,"href":"https:\/\/www.svzweckel.de\/index.php?rest_route=%2Fwp%2Fv2%2Fcomments&post=14036"}],"version-history":[{"count":0,"href":"https:\/\/www.svzweckel.de\/index.php?rest_route=\/wp\/v2\/posts\/14036\/revisions"}],"wp:featuredmedia":[{"embeddable":true,"href":"https:\/\/www.svzweckel.de\/index.php?rest_route=\/wp\/v2\/media\/13539"}],"wp:attachment":[{"href":"https:\/\/www.svzweckel.de\/index.php?rest_route=%2Fwp%2Fv2%2Fmedia&parent=14036"}],"wp:term":[{"taxonomy":"category","embeddable":true,"href":"https:\/\/www.svzweckel.de\/index.php?rest_route=%2Fwp%2Fv2%2Fcategories&post=14036"},{"taxonomy":"post_tag","embeddable":true,"href":"https:\/\/www.svzweckel.de\/index.php?rest_route=%2Fwp%2Fv2%2Ftags&post=14036"}],"curies":[{"name":"wp","href":"https:\/\/api.w.org\/{rel}","templated":true}]}}