{"id":14066,"date":"2021-09-17T16:33:07","date_gmt":"2021-09-17T14:33:07","guid":{"rendered":"https:\/\/www.svzweckel.de\/?p=14066"},"modified":"2021-09-17T16:33:07","modified_gmt":"2021-09-17T14:33:07","slug":"derby-gegen-fsm-im-kaefig","status":"publish","type":"post","link":"https:\/\/www.svzweckel.de\/?p=14066","title":{"rendered":"Derby gegen FSM im K\u00e4fig"},"content":{"rendered":"<p><strong>Sonntag, 19.09.21, 15:00 Uhr: SV Zweckel II &#8211;\u00a0 FSM Gladbeck<\/strong><\/p>\n<p>Nach dem ersten Sieg in der laufenden Saison am letzten Sonntag bei Horst 59 wartet am Sonntag ein Gro\u00dfkaliber auf die Reserve des SV Zweckel. FSM, erkl\u00e4rter Aufstiegsfavorit der Kreisliga A 1, will sich im K\u00e4fig schadlos halten und mit wei\u00dfer Weste durch die Liga kommen.<\/p>\n<p>In der letzten Saison war die Konstellation \u00e4hnlich und die Zweckeler erk\u00e4mpften sich mit einer b\u00e4renstarken Leistung am Busfortshof ein Unentschieden. Den Schwarz-Gr\u00fcnen gelang es, den Kasten sauber zu halten und die FSM-St\u00fcrmer zur Verzweiflung zu bringen.<\/p>\n<p>In Zweckel h\u00e4tte keiner etwas dagegen, wenn es wieder gelingen w\u00fcrde, dem haushohen Favoriten aus dem Gladbecker S\u00fcden erneut ein Bein zu stellen.<\/p>\n<p>Das wird nat\u00fcrlich ein schwieriges Unterfangen, zumal die Personaldeck f\u00fcr Perry Pfeng und seinen Co-Trainer Steven Marckowiak vermutlich bis Sonntag eininge \u00dcberraschungen hergeben k\u00f6nnte.<\/p>\n","protected":false},"excerpt":{"rendered":"<p>Sonntag, 19.09.21, 15:00 Uhr: SV Zweckel II &#8211;\u00a0 FSM Gladbeck Nach dem ersten Sieg in der laufenden Saison am letzten Sonntag bei Horst 59 wartet am Sonntag ein Gro\u00dfkaliber auf die Reserve des SV Zweckel. FSM, erkl\u00e4rter Aufstiegsfavorit der Kreisliga A 1, will sich im K\u00e4fig schadlos halten und mit wei\u00dfer Weste durch die Liga [&hellip;]<\/p>\n","protected":false},"author":3,"featured_media":13491,"comment_status":"open","ping_status":"closed","sticky":false,"template":"","format":"standard","meta":{"_jetpack_memberships_contains_paid_content":false,"footnotes":"","jetpack_publicize_message":"","jetpack_publicize_feature_enabled":true,"jetpack_social_post_already_shared":false,"jetpack_social_options":{"image_generator_settings":{"template":"highway","default_image_id":0,"font":"","enabled":false},"version":2}},"categories":[20],"tags":[],"class_list":["post-14066","post","type-post","status-publish","format-standard","has-post-thumbnail","hentry","category-2-mannschaft"],"jetpack_publicize_connections":[],"jetpack_featured_media_url":"https:\/\/i0.wp.com\/www.svzweckel.de\/wp-content\/uploads\/2020\/09\/Heim.jpeg?fit=800%2C600&ssl=1","jetpack_sharing_enabled":true,"_links":{"self":[{"href":"https:\/\/www.svzweckel.de\/index.php?rest_route=\/wp\/v2\/posts\/14066","targetHints":{"allow":["GET"]}}],"collection":[{"href":"https:\/\/www.svzweckel.de\/index.php?rest_route=\/wp\/v2\/posts"}],"about":[{"href":"https:\/\/www.svzweckel.de\/index.php?rest_route=\/wp\/v2\/types\/post"}],"author":[{"embeddable":true,"href":"https:\/\/www.svzweckel.de\/index.php?rest_route=\/wp\/v2\/users\/3"}],"replies":[{"embeddable":true,"href":"https:\/\/www.svzweckel.de\/index.php?rest_route=%2Fwp%2Fv2%2Fcomments&post=14066"}],"version-history":[{"count":0,"href":"https:\/\/www.svzweckel.de\/index.php?rest_route=\/wp\/v2\/posts\/14066\/revisions"}],"wp:featuredmedia":[{"embeddable":true,"href":"https:\/\/www.svzweckel.de\/index.php?rest_route=\/wp\/v2\/media\/13491"}],"wp:attachment":[{"href":"https:\/\/www.svzweckel.de\/index.php?rest_route=%2Fwp%2Fv2%2Fmedia&parent=14066"}],"wp:term":[{"taxonomy":"category","embeddable":true,"href":"https:\/\/www.svzweckel.de\/index.php?rest_route=%2Fwp%2Fv2%2Fcategories&post=14066"},{"taxonomy":"post_tag","embeddable":true,"href":"https:\/\/www.svzweckel.de\/index.php?rest_route=%2Fwp%2Fv2%2Ftags&post=14066"}],"curies":[{"name":"wp","href":"https:\/\/api.w.org\/{rel}","templated":true}]}}