{"id":14073,"date":"2021-09-20T17:55:39","date_gmt":"2021-09-20T15:55:39","guid":{"rendered":"https:\/\/www.svzweckel.de\/?p=14073"},"modified":"2021-09-20T17:55:39","modified_gmt":"2021-09-20T15:55:39","slug":"unnoetige-niederlage-in-suderwich","status":"publish","type":"post","link":"https:\/\/www.svzweckel.de\/?p=14073","title":{"rendered":"Unn\u00f6tige Niederlage in Suderwich"},"content":{"rendered":"<p><strong>SG Suderwich &#8211; SV Zweckel 1:0 (0:0)<\/strong><\/p>\n<p>Das hatte sich Trainer Guido Naumann ganz anders vorgestellt. Die Schwarz-Gr\u00fcnen kassierten in Suderwich ihre zweite Niederlage und au\u00dferdem weitere Verletzte bzw. Abwesende.<\/p>\n<p>Die G\u00e4ste waren in Suderwich die aktivere Mannschaft und erspielten sich in der 1. Halbzeit einige gute Einschussm\u00f6glichkeiten. Die Gastgeber waren nicht darauf aus das Spiel zu bestimmen, sondern beschr\u00e4nkten sich auf das Konterspiel.<\/p>\n<p>Bereits nach 10 Minuten setzte sich Jan Schwers auf der rechten Seite durch, sein Schuss war jedoch nicht platziert genug, so dass der gegnerische Keeper abwehren konnte.<\/p>\n<p>Nur neun Minuten sp\u00e4ter setzte er sich abermals \u00fcber den rechten Fl\u00fcgel durch, seine Hereingabe auf Pascalis Terzis wurde jedoch vor der Torlinie abgefangen. In der 29. Minute \u00fcberwand Keeper Yasin Muslubas mit einem weiten Abschlag die gegnerischen Reihen und auch der Suderwicher letzte Mann unterlief den Ball. Jan Schwers traf den Ball jedoch nicht richtig, so dass der Ball ins Toraus trudelte.<\/p>\n<p>Nach der Pause hatten die vielen mitgereisten Zweckeler Fans schon den Jubelschrei auf den Lippen, der ansonsten gute Schiedsrichter entschied jedoch auf Abseits. Sebastian Hagemeister hatte den Ball \u00fcber die Linie gedr\u00fcckt, soll aber im Abseits gestanden haben. So wurde es nichts mit der Zweckeler F\u00fchrung. Ganz im Gegenteil: Zwei Zweckeler Abwehrspieler k\u00f6pfen sich gegenseitig an, der Ball kommt zum Suderwicher Spieler, der nur noch Danke sagen muss und aus gut 8 Metern einnetzt.<\/p>\n<p>In der Folge erh\u00f6hten die Zweckeler zwar den Druck, konnten die Gastgeber jedoch nicht mehr entscheidend gef\u00e4hrden. Die nun zunehmend ruppigere Spielweise rief bei den Zweckelern noch zwei Verletzte hervor, so dass in den kommenden Spielen der Kader weiter schrumpfen wird.<\/p>\n<p>V\u00f6llig \u00fcberfl\u00fcssig kassierte M\u00fccahit Yavuzaslan auch noch die gelb-rote Karte, nachdem er erst in der 46. Minute das Spielfeld betreten hatte. Dadurch wird der Trainer Guido Naumann im n\u00e4chsten Spiel ebenfalls nicht zur Verf\u00fcgung stehen.<\/p>\n","protected":false},"excerpt":{"rendered":"<p>SG Suderwich &#8211; SV Zweckel 1:0 (0:0) Das hatte sich Trainer Guido Naumann ganz anders vorgestellt. Die Schwarz-Gr\u00fcnen kassierten in Suderwich ihre zweite Niederlage und au\u00dferdem weitere Verletzte bzw. Abwesende. Die G\u00e4ste waren in Suderwich die aktivere Mannschaft und erspielten sich in der 1. Halbzeit einige gute Einschussm\u00f6glichkeiten. Die Gastgeber waren nicht darauf aus das [&hellip;]<\/p>\n","protected":false},"author":3,"featured_media":14072,"comment_status":"open","ping_status":"closed","sticky":false,"template":"","format":"standard","meta":{"_jetpack_memberships_contains_paid_content":false,"footnotes":"","jetpack_publicize_message":"","jetpack_publicize_feature_enabled":true,"jetpack_social_post_already_shared":false,"jetpack_social_options":{"image_generator_settings":{"template":"highway","default_image_id":0,"font":"","enabled":false},"version":2}},"categories":[3],"tags":[],"class_list":["post-14073","post","type-post","status-publish","format-standard","has-post-thumbnail","hentry","category-allgemein"],"jetpack_publicize_connections":[],"jetpack_featured_media_url":"https:\/\/i0.wp.com\/www.svzweckel.de\/wp-content\/uploads\/2021\/09\/wp-16321533805388543611149950432311-scaled.jpg?fit=2560%2C1440&ssl=1","jetpack_sharing_enabled":true,"_links":{"self":[{"href":"https:\/\/www.svzweckel.de\/index.php?rest_route=\/wp\/v2\/posts\/14073","targetHints":{"allow":["GET"]}}],"collection":[{"href":"https:\/\/www.svzweckel.de\/index.php?rest_route=\/wp\/v2\/posts"}],"about":[{"href":"https:\/\/www.svzweckel.de\/index.php?rest_route=\/wp\/v2\/types\/post"}],"author":[{"embeddable":true,"href":"https:\/\/www.svzweckel.de\/index.php?rest_route=\/wp\/v2\/users\/3"}],"replies":[{"embeddable":true,"href":"https:\/\/www.svzweckel.de\/index.php?rest_route=%2Fwp%2Fv2%2Fcomments&post=14073"}],"version-history":[{"count":0,"href":"https:\/\/www.svzweckel.de\/index.php?rest_route=\/wp\/v2\/posts\/14073\/revisions"}],"wp:featuredmedia":[{"embeddable":true,"href":"https:\/\/www.svzweckel.de\/index.php?rest_route=\/wp\/v2\/media\/14072"}],"wp:attachment":[{"href":"https:\/\/www.svzweckel.de\/index.php?rest_route=%2Fwp%2Fv2%2Fmedia&parent=14073"}],"wp:term":[{"taxonomy":"category","embeddable":true,"href":"https:\/\/www.svzweckel.de\/index.php?rest_route=%2Fwp%2Fv2%2Fcategories&post=14073"},{"taxonomy":"post_tag","embeddable":true,"href":"https:\/\/www.svzweckel.de\/index.php?rest_route=%2Fwp%2Fv2%2Ftags&post=14073"}],"curies":[{"name":"wp","href":"https:\/\/api.w.org\/{rel}","templated":true}]}}