{"id":14077,"date":"2021-09-21T18:45:33","date_gmt":"2021-09-21T16:45:33","guid":{"rendered":"https:\/\/www.svzweckel.de\/?p=14077"},"modified":"2021-09-21T18:46:08","modified_gmt":"2021-09-21T16:46:08","slug":"pokalabend-in-gelsenkirchen","status":"publish","type":"post","link":"https:\/\/www.svzweckel.de\/?p=14077","title":{"rendered":"Pokalabend in Gelsenkirchen"},"content":{"rendered":"<p>Mittwoch, 22.09.21, 19:30 Uhr: BW Gelsenkirchen &#8211; SV Zweckel<\/p>\n<p>Nach der unn\u00f6tigen Niederlage in Suderwich muss die Mannschaft von Guido Naumann beim Kreisligisten BW Gelsenkirchen ran. Auf dem Hartplatz am Sch\u00fcrenkamp an der Grenzstra\u00dfe in Gelsenkirchen sind die Zweckeleer sicher Favorit, d\u00fcrfen den Gastgeber jedoch nicht auf die leichte Schulter nehmen.<\/p>\n<p>Der Gastgeber haben in der Kreisliga A 2 bisher erst zwei Spiele absolviert, welche beide verloren wurden. Die Zweckeler m\u00fcssen vermutlich auf einige verletzte Spieler verzichten, so dass die Mannschaft eventuell auf Unterst\u00fctzung durch die Reserve angewiesen ist.<\/p>\n","protected":false},"excerpt":{"rendered":"<p>Mittwoch, 22.09.21, 19:30 Uhr: BW Gelsenkirchen &#8211; SV Zweckel Nach der unn\u00f6tigen Niederlage in Suderwich muss die Mannschaft von Guido Naumann beim Kreisligisten BW Gelsenkirchen ran. Auf dem Hartplatz am Sch\u00fcrenkamp an der Grenzstra\u00dfe in Gelsenkirchen sind die Zweckeleer sicher Favorit, d\u00fcrfen den Gastgeber jedoch nicht auf die leichte Schulter nehmen. Der Gastgeber haben in [&hellip;]<\/p>\n","protected":false},"author":3,"featured_media":14071,"comment_status":"open","ping_status":"closed","sticky":false,"template":"","format":"standard","meta":{"_jetpack_memberships_contains_paid_content":false,"footnotes":"","jetpack_publicize_message":"","jetpack_publicize_feature_enabled":true,"jetpack_social_post_already_shared":false,"jetpack_social_options":{"image_generator_settings":{"template":"highway","default_image_id":0,"font":"","enabled":false},"version":2}},"categories":[3],"tags":[],"class_list":["post-14077","post","type-post","status-publish","format-standard","has-post-thumbnail","hentry","category-allgemein"],"jetpack_publicize_connections":[],"jetpack_featured_media_url":"https:\/\/i0.wp.com\/www.svzweckel.de\/wp-content\/uploads\/2021\/09\/wp-16321533629421627650844568485331-scaled.jpg?fit=2560%2C1440&ssl=1","jetpack_sharing_enabled":true,"_links":{"self":[{"href":"https:\/\/www.svzweckel.de\/index.php?rest_route=\/wp\/v2\/posts\/14077","targetHints":{"allow":["GET"]}}],"collection":[{"href":"https:\/\/www.svzweckel.de\/index.php?rest_route=\/wp\/v2\/posts"}],"about":[{"href":"https:\/\/www.svzweckel.de\/index.php?rest_route=\/wp\/v2\/types\/post"}],"author":[{"embeddable":true,"href":"https:\/\/www.svzweckel.de\/index.php?rest_route=\/wp\/v2\/users\/3"}],"replies":[{"embeddable":true,"href":"https:\/\/www.svzweckel.de\/index.php?rest_route=%2Fwp%2Fv2%2Fcomments&post=14077"}],"version-history":[{"count":0,"href":"https:\/\/www.svzweckel.de\/index.php?rest_route=\/wp\/v2\/posts\/14077\/revisions"}],"wp:featuredmedia":[{"embeddable":true,"href":"https:\/\/www.svzweckel.de\/index.php?rest_route=\/wp\/v2\/media\/14071"}],"wp:attachment":[{"href":"https:\/\/www.svzweckel.de\/index.php?rest_route=%2Fwp%2Fv2%2Fmedia&parent=14077"}],"wp:term":[{"taxonomy":"category","embeddable":true,"href":"https:\/\/www.svzweckel.de\/index.php?rest_route=%2Fwp%2Fv2%2Fcategories&post=14077"},{"taxonomy":"post_tag","embeddable":true,"href":"https:\/\/www.svzweckel.de\/index.php?rest_route=%2Fwp%2Fv2%2Ftags&post=14077"}],"curies":[{"name":"wp","href":"https:\/\/api.w.org\/{rel}","templated":true}]}}