{"id":14088,"date":"2021-09-27T20:58:42","date_gmt":"2021-09-27T18:58:42","guid":{"rendered":"https:\/\/www.svzweckel.de\/?p=14088"},"modified":"2021-09-27T20:58:42","modified_gmt":"2021-09-27T18:58:42","slug":"zweiter-auswaertssieg-der-saison","status":"publish","type":"post","link":"https:\/\/www.svzweckel.de\/?p=14088","title":{"rendered":"Zweiter Ausw\u00e4rtssieg der Saison"},"content":{"rendered":"<p>Am Sonntag feierte die Reserve den zweiten Ausw\u00e4rtssieg der Saison. Die Zweckeler setzten sich zu Gast bei Genclerbirligi Resse mit 1:5 durch.<\/p>\n<p>Nach einer ausgeglichenen Anfangsphase mit Torchancen auf beiden Seiten \u00fcbernahmen die Gr\u00fcnhemden mehr und mehr das Spiel. So fiel nach einer halben Stunde auch der verdiente F\u00fchrungstreffer f\u00fcr die G\u00e4ste. Die F\u00fchrung blieb nicht lange bestehen, denn nach einem einfachen Ballverlust im Mittelfeld glich Genclerbirligi Resse aus.<\/p>\n<p>Allerdings behielt die Zweitvertretung die Nerven und ging noch vor dem Seitenwechsel wieder in F\u00fchrung.<\/p>\n<p>In der zweiten Halbzeit setzten die G\u00e4ste auf schnelle Konter und belohnten sich mit weiteren Toren. Mit seinem vierten Tor des Tages machte Marcel Ofiera zehn Minuten vor Schluss endg\u00fcltig den Deckel drauf.<\/p>\n<p>Am Sonntag den 03.10.2021 empf\u00e4ngt die Reserve SSV Buer 2 an der Dorstener Stra\u00dfe.<\/p>\n","protected":false},"excerpt":{"rendered":"<p>Am Sonntag feierte die Reserve den zweiten Ausw\u00e4rtssieg der Saison. Die Zweckeler setzten sich zu Gast bei Genclerbirligi Resse mit 1:5 durch. Nach einer ausgeglichenen Anfangsphase mit Torchancen auf beiden Seiten \u00fcbernahmen die Gr\u00fcnhemden mehr und mehr das Spiel. So fiel nach einer halben Stunde auch der verdiente F\u00fchrungstreffer f\u00fcr die G\u00e4ste. Die F\u00fchrung blieb [&hellip;]<\/p>\n","protected":false},"author":3,"featured_media":14090,"comment_status":"open","ping_status":"closed","sticky":false,"template":"","format":"standard","meta":{"_jetpack_memberships_contains_paid_content":false,"footnotes":"","jetpack_publicize_message":"","jetpack_publicize_feature_enabled":true,"jetpack_social_post_already_shared":false,"jetpack_social_options":{"image_generator_settings":{"template":"highway","default_image_id":0,"font":"","enabled":false},"version":2}},"categories":[20],"tags":[],"class_list":["post-14088","post","type-post","status-publish","format-standard","has-post-thumbnail","hentry","category-2-mannschaft"],"jetpack_publicize_connections":[],"jetpack_featured_media_url":"https:\/\/i0.wp.com\/www.svzweckel.de\/wp-content\/uploads\/2021\/09\/DSC00005.jpg?fit=800%2C533&ssl=1","jetpack_sharing_enabled":true,"_links":{"self":[{"href":"https:\/\/www.svzweckel.de\/index.php?rest_route=\/wp\/v2\/posts\/14088","targetHints":{"allow":["GET"]}}],"collection":[{"href":"https:\/\/www.svzweckel.de\/index.php?rest_route=\/wp\/v2\/posts"}],"about":[{"href":"https:\/\/www.svzweckel.de\/index.php?rest_route=\/wp\/v2\/types\/post"}],"author":[{"embeddable":true,"href":"https:\/\/www.svzweckel.de\/index.php?rest_route=\/wp\/v2\/users\/3"}],"replies":[{"embeddable":true,"href":"https:\/\/www.svzweckel.de\/index.php?rest_route=%2Fwp%2Fv2%2Fcomments&post=14088"}],"version-history":[{"count":0,"href":"https:\/\/www.svzweckel.de\/index.php?rest_route=\/wp\/v2\/posts\/14088\/revisions"}],"wp:featuredmedia":[{"embeddable":true,"href":"https:\/\/www.svzweckel.de\/index.php?rest_route=\/wp\/v2\/media\/14090"}],"wp:attachment":[{"href":"https:\/\/www.svzweckel.de\/index.php?rest_route=%2Fwp%2Fv2%2Fmedia&parent=14088"}],"wp:term":[{"taxonomy":"category","embeddable":true,"href":"https:\/\/www.svzweckel.de\/index.php?rest_route=%2Fwp%2Fv2%2Fcategories&post=14088"},{"taxonomy":"post_tag","embeddable":true,"href":"https:\/\/www.svzweckel.de\/index.php?rest_route=%2Fwp%2Fv2%2Ftags&post=14088"}],"curies":[{"name":"wp","href":"https:\/\/api.w.org\/{rel}","templated":true}]}}