{"id":14098,"date":"2021-10-01T22:12:02","date_gmt":"2021-10-01T20:12:02","guid":{"rendered":"https:\/\/www.svzweckel.de\/?p=14098"},"modified":"2021-10-01T22:12:02","modified_gmt":"2021-10-01T20:12:02","slug":"schwere-aufgabe-fuer-die-zweite-2","status":"publish","type":"post","link":"https:\/\/www.svzweckel.de\/?p=14098","title":{"rendered":"Schwere Aufgabe f\u00fcr die Zweite"},"content":{"rendered":"<p>Sonntag, 03.10.21, 15:00 Uhr: SV Zweckel II &#8211; SSV Buer II<\/p>\n<p>Nach zweit Siegen in Serie trifft die Reserve auf die ungeschlagene Zweitvertretung der SSV Buer, die bisher alle vier absolvierten Spiele gewonnen haben und am Sonntag gro\u00dfer Favorit sind.<\/p>\n<p>Das wird die immer besser in Tritt kommende Zweite des SV Zweckel jedoch nicht davon abhalten, den Gegner auf dem Ascheplatz mit allen Mitteln zu bek\u00e4mpfen. Mit etwas Gl\u00fcck k\u00f6nnen die Zweckeler auch eine \u00dcberraschung schaffen.<\/p>\n","protected":false},"excerpt":{"rendered":"<p>Sonntag, 03.10.21, 15:00 Uhr: SV Zweckel II &#8211; SSV Buer II Nach zweit Siegen in Serie trifft die Reserve auf die ungeschlagene Zweitvertretung der SSV Buer, die bisher alle vier absolvierten Spiele gewonnen haben und am Sonntag gro\u00dfer Favorit sind. Das wird die immer besser in Tritt kommende Zweite des SV Zweckel jedoch nicht davon [&hellip;]<\/p>\n","protected":false},"author":3,"featured_media":13539,"comment_status":"open","ping_status":"closed","sticky":false,"template":"","format":"standard","meta":{"_jetpack_memberships_contains_paid_content":false,"footnotes":"","jetpack_publicize_message":"","jetpack_publicize_feature_enabled":true,"jetpack_social_post_already_shared":false,"jetpack_social_options":{"image_generator_settings":{"template":"highway","default_image_id":0,"font":"","enabled":false},"version":2}},"categories":[20],"tags":[],"class_list":["post-14098","post","type-post","status-publish","format-standard","has-post-thumbnail","hentry","category-2-mannschaft"],"jetpack_publicize_connections":[],"jetpack_featured_media_url":"https:\/\/i0.wp.com\/www.svzweckel.de\/wp-content\/uploads\/2020\/10\/wp-16024187156996468016527564646192-scaled.jpg?fit=2560%2C1440&ssl=1","jetpack_sharing_enabled":true,"_links":{"self":[{"href":"https:\/\/www.svzweckel.de\/index.php?rest_route=\/wp\/v2\/posts\/14098","targetHints":{"allow":["GET"]}}],"collection":[{"href":"https:\/\/www.svzweckel.de\/index.php?rest_route=\/wp\/v2\/posts"}],"about":[{"href":"https:\/\/www.svzweckel.de\/index.php?rest_route=\/wp\/v2\/types\/post"}],"author":[{"embeddable":true,"href":"https:\/\/www.svzweckel.de\/index.php?rest_route=\/wp\/v2\/users\/3"}],"replies":[{"embeddable":true,"href":"https:\/\/www.svzweckel.de\/index.php?rest_route=%2Fwp%2Fv2%2Fcomments&post=14098"}],"version-history":[{"count":0,"href":"https:\/\/www.svzweckel.de\/index.php?rest_route=\/wp\/v2\/posts\/14098\/revisions"}],"wp:featuredmedia":[{"embeddable":true,"href":"https:\/\/www.svzweckel.de\/index.php?rest_route=\/wp\/v2\/media\/13539"}],"wp:attachment":[{"href":"https:\/\/www.svzweckel.de\/index.php?rest_route=%2Fwp%2Fv2%2Fmedia&parent=14098"}],"wp:term":[{"taxonomy":"category","embeddable":true,"href":"https:\/\/www.svzweckel.de\/index.php?rest_route=%2Fwp%2Fv2%2Fcategories&post=14098"},{"taxonomy":"post_tag","embeddable":true,"href":"https:\/\/www.svzweckel.de\/index.php?rest_route=%2Fwp%2Fv2%2Ftags&post=14098"}],"curies":[{"name":"wp","href":"https:\/\/api.w.org\/{rel}","templated":true}]}}