{"id":14104,"date":"2021-10-08T19:23:01","date_gmt":"2021-10-08T17:23:01","guid":{"rendered":"https:\/\/www.svzweckel.de\/?p=14104"},"modified":"2021-10-08T19:23:54","modified_gmt":"2021-10-08T17:23:54","slug":"auswaerts-in-grafenwald","status":"publish","type":"post","link":"https:\/\/www.svzweckel.de\/?p=14104","title":{"rendered":"Ausw\u00e4rts in Grafenwald"},"content":{"rendered":"<p>Sonntag, 10.10.21, 15:00 Uhr: VfL Grafenwald &#8211; SV Zweckel<\/p>\n<p>Nach der knappen Niederlage am letzten Sonntag gegen das Spitzenteam aus Buer d\u00fcrfen die Schwarz-Gr\u00fcnen in Grafenwald bei einem Team antreten, welches bisher auch keine B\u00e4ume ausgerissen hat. Mit vier Punkten konnten die &#8222;W\u00f6ller&#8220; in Schaffrath gewinnen und spielten gegen Adler Ellinghorst Unentschieden.<\/p>\n<p>Die Zweckeler m\u00f6chten am Sonntag ihr Punktekonto ausbauen und gehen sicher als Favorit auf den Platz. Sollte die Personaldecke mal wieder etwas dicker sein und die Spieler mit der richtigen Einstellung auf den Platz gehen, k\u00f6nnten drei weitere Z\u00e4hler herausspringen.<\/p>\n","protected":false},"excerpt":{"rendered":"<p>Sonntag, 10.10.21, 15:00 Uhr: VfL Grafenwald &#8211; SV Zweckel Nach der knappen Niederlage am letzten Sonntag gegen das Spitzenteam aus Buer d\u00fcrfen die Schwarz-Gr\u00fcnen in Grafenwald bei einem Team antreten, welches bisher auch keine B\u00e4ume ausgerissen hat. Mit vier Punkten konnten die &#8222;W\u00f6ller&#8220; in Schaffrath gewinnen und spielten gegen Adler Ellinghorst Unentschieden. Die Zweckeler m\u00f6chten [&hellip;]<\/p>\n","protected":false},"author":3,"featured_media":12884,"comment_status":"open","ping_status":"closed","sticky":false,"template":"","format":"standard","meta":{"_jetpack_memberships_contains_paid_content":false,"footnotes":"","jetpack_publicize_message":"","jetpack_publicize_feature_enabled":true,"jetpack_social_post_already_shared":false,"jetpack_social_options":{"image_generator_settings":{"template":"highway","default_image_id":0,"font":"","enabled":false},"version":2}},"categories":[20],"tags":[],"class_list":["post-14104","post","type-post","status-publish","format-standard","has-post-thumbnail","hentry","category-2-mannschaft"],"jetpack_publicize_connections":[],"jetpack_featured_media_url":"https:\/\/i0.wp.com\/www.svzweckel.de\/wp-content\/uploads\/2020\/02\/Grafenwald.jpg?fit=800%2C509&ssl=1","jetpack_sharing_enabled":true,"_links":{"self":[{"href":"https:\/\/www.svzweckel.de\/index.php?rest_route=\/wp\/v2\/posts\/14104","targetHints":{"allow":["GET"]}}],"collection":[{"href":"https:\/\/www.svzweckel.de\/index.php?rest_route=\/wp\/v2\/posts"}],"about":[{"href":"https:\/\/www.svzweckel.de\/index.php?rest_route=\/wp\/v2\/types\/post"}],"author":[{"embeddable":true,"href":"https:\/\/www.svzweckel.de\/index.php?rest_route=\/wp\/v2\/users\/3"}],"replies":[{"embeddable":true,"href":"https:\/\/www.svzweckel.de\/index.php?rest_route=%2Fwp%2Fv2%2Fcomments&post=14104"}],"version-history":[{"count":0,"href":"https:\/\/www.svzweckel.de\/index.php?rest_route=\/wp\/v2\/posts\/14104\/revisions"}],"wp:featuredmedia":[{"embeddable":true,"href":"https:\/\/www.svzweckel.de\/index.php?rest_route=\/wp\/v2\/media\/12884"}],"wp:attachment":[{"href":"https:\/\/www.svzweckel.de\/index.php?rest_route=%2Fwp%2Fv2%2Fmedia&parent=14104"}],"wp:term":[{"taxonomy":"category","embeddable":true,"href":"https:\/\/www.svzweckel.de\/index.php?rest_route=%2Fwp%2Fv2%2Fcategories&post=14104"},{"taxonomy":"post_tag","embeddable":true,"href":"https:\/\/www.svzweckel.de\/index.php?rest_route=%2Fwp%2Fv2%2Ftags&post=14104"}],"curies":[{"name":"wp","href":"https:\/\/api.w.org\/{rel}","templated":true}]}}