{"id":14112,"date":"2021-10-10T20:35:27","date_gmt":"2021-10-10T18:35:27","guid":{"rendered":"https:\/\/www.svzweckel.de\/?p=14112"},"modified":"2021-10-10T20:35:27","modified_gmt":"2021-10-10T18:35:27","slug":"zweckel-2-siegt-verdient-in-grafenwal","status":"publish","type":"post","link":"https:\/\/www.svzweckel.de\/?p=14112","title":{"rendered":"Zweckel 2 siegt verdient in Grafenwal"},"content":{"rendered":"<p class=\"p1\"><span class=\"s1\">Das Verletzungspech der Zweckeler Reserve h\u00e4lt weiter an. Beim Aufw\u00e4rmen vor dem Ausw\u00e4rtsspiel in Grafenwald verletzte sich Timon Reschke, sodass Trainer Perry Pfeng die geplante Start Elf kurzfristig ver\u00e4ndern musste.<\/span><span class=\"apple-converted-space\"><span style=\"font-family: '.SFUI-Regular',serif;\">\u00a0<\/span><\/span><\/p>\n<p class=\"p1\"><span class=\"s1\">Die Zweckeler starteten trotz aller Umst\u00e4nde sehr dominant und gingen durch den Treffer von Benjamin \u201eBenny\u201c Flohr fr\u00fch in F\u00fchrung.<\/span><span class=\"apple-converted-space\"><span style=\"font-family: '.SFUI-Regular',serif;\">\u00a0<\/span><\/span><\/p>\n<p class=\"p1\"><span class=\"s1\">Nachdem Marcel Ofiera zwischenzeitlich auf 0:2 erh\u00f6hte, geriet das Spiel der Zweckeler aus der Balance, sodass Grafenwald noch vor der Halbzeit v\u00f6llig \u00fcberraschend zum Ausgleich kam.<\/span><span class=\"apple-converted-space\"><span style=\"font-family: '.SFUI-Regular',serif;\">\u00a0<\/span><\/span><\/p>\n<p class=\"p1\"><span class=\"s1\">In der zweiten Halbzeit starteten die Gr\u00fcnhemden wieder sehr konzentriert und gingen durch einen direkt verwandelte Eckball wieder in F\u00fchrung. Diese wurde durch eine sch\u00f6ne Kombination durch das Zentrum auf 2:4 ausgebaut.<\/span><span class=\"apple-converted-space\"><span style=\"font-family: '.SFUI-Regular',serif;\">\u00a0<\/span><\/span><\/p>\n<p class=\"p1\"><span class=\"s1\">Am Ende kam Grafenwald nochmal auf 3:4 ran. Allerdings konnte die Zweckeler Zweitvertretung die F\u00fchrung \u00fcber die Zeit bringen und die n\u00e4chsten drei Punkte <\/span>verbuchen<span class=\"s1\">.<\/span><span class=\"apple-converted-space\"><span style=\"font-family: '.SFUI-Regular',serif;\">\u00a0<\/span><\/span><\/p>\n<p>Am 17.10.2021 um 15 Uhr empf\u00e4ngt die Reserve Preu\u00dfen Sutum.<\/p>\n","protected":false},"excerpt":{"rendered":"<p>Das Verletzungspech der Zweckeler Reserve h\u00e4lt weiter an. Beim Aufw\u00e4rmen vor dem Ausw\u00e4rtsspiel in Grafenwald verletzte sich Timon Reschke, sodass Trainer Perry Pfeng die geplante Start Elf kurzfristig ver\u00e4ndern musste.\u00a0 Die Zweckeler starteten trotz aller Umst\u00e4nde sehr dominant und gingen durch den Treffer von Benjamin \u201eBenny\u201c Flohr fr\u00fch in F\u00fchrung.\u00a0 Nachdem Marcel Ofiera zwischenzeitlich auf [&hellip;]<\/p>\n","protected":false},"author":3,"featured_media":14114,"comment_status":"open","ping_status":"closed","sticky":false,"template":"","format":"standard","meta":{"_jetpack_memberships_contains_paid_content":false,"footnotes":"","jetpack_publicize_message":"","jetpack_publicize_feature_enabled":true,"jetpack_social_post_already_shared":false,"jetpack_social_options":{"image_generator_settings":{"template":"highway","default_image_id":0,"font":"","enabled":false},"version":2}},"categories":[20],"tags":[],"class_list":["post-14112","post","type-post","status-publish","format-standard","has-post-thumbnail","hentry","category-2-mannschaft"],"jetpack_publicize_connections":[],"jetpack_featured_media_url":"https:\/\/i0.wp.com\/www.svzweckel.de\/wp-content\/uploads\/2021\/10\/Grafenwald.jpg?fit=800%2C600&ssl=1","jetpack_sharing_enabled":true,"_links":{"self":[{"href":"https:\/\/www.svzweckel.de\/index.php?rest_route=\/wp\/v2\/posts\/14112","targetHints":{"allow":["GET"]}}],"collection":[{"href":"https:\/\/www.svzweckel.de\/index.php?rest_route=\/wp\/v2\/posts"}],"about":[{"href":"https:\/\/www.svzweckel.de\/index.php?rest_route=\/wp\/v2\/types\/post"}],"author":[{"embeddable":true,"href":"https:\/\/www.svzweckel.de\/index.php?rest_route=\/wp\/v2\/users\/3"}],"replies":[{"embeddable":true,"href":"https:\/\/www.svzweckel.de\/index.php?rest_route=%2Fwp%2Fv2%2Fcomments&post=14112"}],"version-history":[{"count":0,"href":"https:\/\/www.svzweckel.de\/index.php?rest_route=\/wp\/v2\/posts\/14112\/revisions"}],"wp:featuredmedia":[{"embeddable":true,"href":"https:\/\/www.svzweckel.de\/index.php?rest_route=\/wp\/v2\/media\/14114"}],"wp:attachment":[{"href":"https:\/\/www.svzweckel.de\/index.php?rest_route=%2Fwp%2Fv2%2Fmedia&parent=14112"}],"wp:term":[{"taxonomy":"category","embeddable":true,"href":"https:\/\/www.svzweckel.de\/index.php?rest_route=%2Fwp%2Fv2%2Fcategories&post=14112"},{"taxonomy":"post_tag","embeddable":true,"href":"https:\/\/www.svzweckel.de\/index.php?rest_route=%2Fwp%2Fv2%2Ftags&post=14112"}],"curies":[{"name":"wp","href":"https:\/\/api.w.org\/{rel}","templated":true}]}}