{"id":14119,"date":"2021-10-14T21:54:49","date_gmt":"2021-10-14T19:54:49","guid":{"rendered":"https:\/\/www.svzweckel.de\/?p=14119"},"modified":"2021-10-20T20:53:56","modified_gmt":"2021-10-20T18:53:56","slug":"hoher-unterhaltungfaktor","status":"publish","type":"post","link":"https:\/\/www.svzweckel.de\/?p=14119","title":{"rendered":"Hoher Unterhaltungfaktor"},"content":{"rendered":"<p>Sonntag, 17.10.21, 15:00 Uhr: SV Zweckel II &#8211; Preu\u00dfen Sutum<\/p>\n<p>Die Reserve des SV Zweckel sorgt in jedem Spiel f\u00fcr jede Menge Unterhaltung. Die Schwarz-Gr\u00fcnen sind zweimal Spitze: Mit 28 geschossenen und ebenfalls 28 kassierten Treffern liegen sie in Liga vorne.<\/p>\n<p>Mit Preu\u00dfen Sutum stellt sich eine Mannschaft vor, die erst vier Spiele absolviert hat und dabei 4 Punkte gewonnen hat. Auch die Zweite des SV Zweckel k\u00e4mpft mit Personalsorgen, ist am Sonntag trotzdem leicht favorisiert.<\/p>\n","protected":false},"excerpt":{"rendered":"<p>Sonntag, 17.10.21, 15:00 Uhr: SV Zweckel II &#8211; Preu\u00dfen Sutum Die Reserve des SV Zweckel sorgt in jedem Spiel f\u00fcr jede Menge Unterhaltung. Die Schwarz-Gr\u00fcnen sind zweimal Spitze: Mit 28 geschossenen und ebenfalls 28 kassierten Treffern liegen sie in Liga vorne. Mit Preu\u00dfen Sutum stellt sich eine Mannschaft vor, die erst vier Spiele absolviert hat [&hellip;]<\/p>\n","protected":false},"author":3,"featured_media":14120,"comment_status":"open","ping_status":"closed","sticky":false,"template":"","format":"standard","meta":{"_jetpack_memberships_contains_paid_content":false,"footnotes":"","jetpack_publicize_message":"","jetpack_publicize_feature_enabled":true,"jetpack_social_post_already_shared":false,"jetpack_social_options":{"image_generator_settings":{"template":"highway","default_image_id":0,"font":"","enabled":false},"version":2}},"categories":[20],"tags":[],"class_list":["post-14119","post","type-post","status-publish","format-standard","has-post-thumbnail","hentry","category-2-mannschaft"],"jetpack_publicize_connections":[],"jetpack_featured_media_url":"https:\/\/i0.wp.com\/www.svzweckel.de\/wp-content\/uploads\/2021\/10\/Grafenwald.jpeg?fit=800%2C600&ssl=1","jetpack_sharing_enabled":true,"_links":{"self":[{"href":"https:\/\/www.svzweckel.de\/index.php?rest_route=\/wp\/v2\/posts\/14119","targetHints":{"allow":["GET"]}}],"collection":[{"href":"https:\/\/www.svzweckel.de\/index.php?rest_route=\/wp\/v2\/posts"}],"about":[{"href":"https:\/\/www.svzweckel.de\/index.php?rest_route=\/wp\/v2\/types\/post"}],"author":[{"embeddable":true,"href":"https:\/\/www.svzweckel.de\/index.php?rest_route=\/wp\/v2\/users\/3"}],"replies":[{"embeddable":true,"href":"https:\/\/www.svzweckel.de\/index.php?rest_route=%2Fwp%2Fv2%2Fcomments&post=14119"}],"version-history":[{"count":0,"href":"https:\/\/www.svzweckel.de\/index.php?rest_route=\/wp\/v2\/posts\/14119\/revisions"}],"wp:featuredmedia":[{"embeddable":true,"href":"https:\/\/www.svzweckel.de\/index.php?rest_route=\/wp\/v2\/media\/14120"}],"wp:attachment":[{"href":"https:\/\/www.svzweckel.de\/index.php?rest_route=%2Fwp%2Fv2%2Fmedia&parent=14119"}],"wp:term":[{"taxonomy":"category","embeddable":true,"href":"https:\/\/www.svzweckel.de\/index.php?rest_route=%2Fwp%2Fv2%2Fcategories&post=14119"},{"taxonomy":"post_tag","embeddable":true,"href":"https:\/\/www.svzweckel.de\/index.php?rest_route=%2Fwp%2Fv2%2Ftags&post=14119"}],"curies":[{"name":"wp","href":"https:\/\/api.w.org\/{rel}","templated":true}]}}