{"id":14164,"date":"2021-10-30T21:40:08","date_gmt":"2021-10-30T19:40:08","guid":{"rendered":"https:\/\/www.svzweckel.de\/?p=14164"},"modified":"2021-10-30T21:40:21","modified_gmt":"2021-10-30T19:40:21","slug":"derby-gegen-kirchhellen-ii","status":"publish","type":"post","link":"https:\/\/www.svzweckel.de\/?p=14164","title":{"rendered":"Derby gegen Kirchhellen II"},"content":{"rendered":"<p>Sonntag, 31.10.21, 15:00 Uhr: SV Zweckel II &#8211; VfB Kirchhellen\u00a0 II<\/p>\n<p>Ein spannendes Derby steht im K\u00e4fig auf der Tagesordnung. Die Zweite empf\u00e4ngt die Reserve des VfB Kirchhellen und es d\u00fcrfte ein Duell auf Augenh\u00f6he sein. Beide Mannschaften haben drei Siege auf dem Konto, Unterschiede ergeben sich lediglich beim Torverh\u00e4ltnis. Die Zweckeler haben deutlich mehr Treffer erzielt, daf\u00fcr aber auch mehr Treffer als der VfB kassiert.<\/p>\n<p>Auch die Zweite hat einige personelle Probleme, m\u00f6chte aber am Sonntag den vierten Sieg erringen.<\/p>\n","protected":false},"excerpt":{"rendered":"<p>Sonntag, 31.10.21, 15:00 Uhr: SV Zweckel II &#8211; VfB Kirchhellen\u00a0 II Ein spannendes Derby steht im K\u00e4fig auf der Tagesordnung. Die Zweite empf\u00e4ngt die Reserve des VfB Kirchhellen und es d\u00fcrfte ein Duell auf Augenh\u00f6he sein. Beide Mannschaften haben drei Siege auf dem Konto, Unterschiede ergeben sich lediglich beim Torverh\u00e4ltnis. Die Zweckeler haben deutlich mehr [&hellip;]<\/p>\n","protected":false},"author":3,"featured_media":13539,"comment_status":"open","ping_status":"closed","sticky":false,"template":"","format":"standard","meta":{"_jetpack_memberships_contains_paid_content":false,"footnotes":"","jetpack_publicize_message":"","jetpack_publicize_feature_enabled":true,"jetpack_social_post_already_shared":false,"jetpack_social_options":{"image_generator_settings":{"template":"highway","default_image_id":0,"font":"","enabled":false},"version":2}},"categories":[20],"tags":[],"class_list":["post-14164","post","type-post","status-publish","format-standard","has-post-thumbnail","hentry","category-2-mannschaft"],"jetpack_publicize_connections":[],"jetpack_featured_media_url":"https:\/\/i0.wp.com\/www.svzweckel.de\/wp-content\/uploads\/2020\/10\/wp-16024187156996468016527564646192-scaled.jpg?fit=2560%2C1440&ssl=1","jetpack_sharing_enabled":true,"_links":{"self":[{"href":"https:\/\/www.svzweckel.de\/index.php?rest_route=\/wp\/v2\/posts\/14164","targetHints":{"allow":["GET"]}}],"collection":[{"href":"https:\/\/www.svzweckel.de\/index.php?rest_route=\/wp\/v2\/posts"}],"about":[{"href":"https:\/\/www.svzweckel.de\/index.php?rest_route=\/wp\/v2\/types\/post"}],"author":[{"embeddable":true,"href":"https:\/\/www.svzweckel.de\/index.php?rest_route=\/wp\/v2\/users\/3"}],"replies":[{"embeddable":true,"href":"https:\/\/www.svzweckel.de\/index.php?rest_route=%2Fwp%2Fv2%2Fcomments&post=14164"}],"version-history":[{"count":0,"href":"https:\/\/www.svzweckel.de\/index.php?rest_route=\/wp\/v2\/posts\/14164\/revisions"}],"wp:featuredmedia":[{"embeddable":true,"href":"https:\/\/www.svzweckel.de\/index.php?rest_route=\/wp\/v2\/media\/13539"}],"wp:attachment":[{"href":"https:\/\/www.svzweckel.de\/index.php?rest_route=%2Fwp%2Fv2%2Fmedia&parent=14164"}],"wp:term":[{"taxonomy":"category","embeddable":true,"href":"https:\/\/www.svzweckel.de\/index.php?rest_route=%2Fwp%2Fv2%2Fcategories&post=14164"},{"taxonomy":"post_tag","embeddable":true,"href":"https:\/\/www.svzweckel.de\/index.php?rest_route=%2Fwp%2Fv2%2Ftags&post=14164"}],"curies":[{"name":"wp","href":"https:\/\/api.w.org\/{rel}","templated":true}]}}