{"id":14356,"date":"2022-02-19T12:51:59","date_gmt":"2022-02-19T11:51:59","guid":{"rendered":"https:\/\/www.svzweckel.de\/?p=14356"},"modified":"2022-02-19T12:51:59","modified_gmt":"2022-02-19T11:51:59","slug":"spielabsage-sv-zweckel-ii-gegen-bv-rentfort-ii","status":"publish","type":"post","link":"https:\/\/www.svzweckel.de\/?p=14356","title":{"rendered":"Spielabsage SV Zweckel II gegen BV Rentfort II"},"content":{"rendered":"<p>Das f\u00fcr Sonntag angesetzte Meisterschaftsspiel des SV Zweckel II gegen den BV Rentfort II wurde auf Antrag des SV Zweckel verschoben. Die Zweite des SV Zweckel pfeift momentan aus dem letzten Loch und h\u00e4tte am Sonntag keine Mannschaft zusamenbekommen, da Coronaerkrankte, Schwer- und Leichtverletzte das Spiel unm\u00f6glich gemacht h\u00e4tten.<\/p>\n<p>Trainer Perry Pfeng ist zuversichtlich, dass er am 27.02.22 wieder eine Mannschaft zusammenbekommt, die im Derby gegen den BV Rentfort antritt. Danke an die Rentforter, die einen anderen Spieltermin erm\u00f6glicht haben.<\/p>\n","protected":false},"excerpt":{"rendered":"<p>Das f\u00fcr Sonntag angesetzte Meisterschaftsspiel des SV Zweckel II gegen den BV Rentfort II wurde auf Antrag des SV Zweckel verschoben. Die Zweite des SV Zweckel pfeift momentan aus dem letzten Loch und h\u00e4tte am Sonntag keine Mannschaft zusamenbekommen, da Coronaerkrankte, Schwer- und Leichtverletzte das Spiel unm\u00f6glich gemacht h\u00e4tten. Trainer Perry Pfeng ist zuversichtlich, dass [&hellip;]<\/p>\n","protected":false},"author":3,"featured_media":8430,"comment_status":"open","ping_status":"closed","sticky":false,"template":"","format":"standard","meta":{"_jetpack_memberships_contains_paid_content":false,"footnotes":"","jetpack_publicize_message":"","jetpack_publicize_feature_enabled":true,"jetpack_social_post_already_shared":false,"jetpack_social_options":{"image_generator_settings":{"template":"highway","default_image_id":0,"font":"","enabled":false},"version":2}},"categories":[20],"tags":[],"class_list":["post-14356","post","type-post","status-publish","format-standard","has-post-thumbnail","hentry","category-2-mannschaft"],"jetpack_publicize_connections":[],"jetpack_featured_media_url":"https:\/\/i0.wp.com\/www.svzweckel.de\/wp-content\/uploads\/2017\/05\/2017-05-06-18.09.53.jpg?fit=1024%2C768&ssl=1","jetpack_sharing_enabled":true,"_links":{"self":[{"href":"https:\/\/www.svzweckel.de\/index.php?rest_route=\/wp\/v2\/posts\/14356","targetHints":{"allow":["GET"]}}],"collection":[{"href":"https:\/\/www.svzweckel.de\/index.php?rest_route=\/wp\/v2\/posts"}],"about":[{"href":"https:\/\/www.svzweckel.de\/index.php?rest_route=\/wp\/v2\/types\/post"}],"author":[{"embeddable":true,"href":"https:\/\/www.svzweckel.de\/index.php?rest_route=\/wp\/v2\/users\/3"}],"replies":[{"embeddable":true,"href":"https:\/\/www.svzweckel.de\/index.php?rest_route=%2Fwp%2Fv2%2Fcomments&post=14356"}],"version-history":[{"count":0,"href":"https:\/\/www.svzweckel.de\/index.php?rest_route=\/wp\/v2\/posts\/14356\/revisions"}],"wp:featuredmedia":[{"embeddable":true,"href":"https:\/\/www.svzweckel.de\/index.php?rest_route=\/wp\/v2\/media\/8430"}],"wp:attachment":[{"href":"https:\/\/www.svzweckel.de\/index.php?rest_route=%2Fwp%2Fv2%2Fmedia&parent=14356"}],"wp:term":[{"taxonomy":"category","embeddable":true,"href":"https:\/\/www.svzweckel.de\/index.php?rest_route=%2Fwp%2Fv2%2Fcategories&post=14356"},{"taxonomy":"post_tag","embeddable":true,"href":"https:\/\/www.svzweckel.de\/index.php?rest_route=%2Fwp%2Fv2%2Ftags&post=14356"}],"curies":[{"name":"wp","href":"https:\/\/api.w.org\/{rel}","templated":true}]}}