{"id":14385,"date":"2022-02-28T10:22:42","date_gmt":"2022-02-28T09:22:42","guid":{"rendered":"https:\/\/www.svzweckel.de\/?p=14385"},"modified":"2022-02-28T10:22:42","modified_gmt":"2022-02-28T09:22:42","slug":"weiteres-bonusspiel","status":"publish","type":"post","link":"https:\/\/www.svzweckel.de\/?p=14385","title":{"rendered":"Weiteres Bonusspiel"},"content":{"rendered":"<p>Sonntag, 06.03.22, 15:00 Uhr: TSG D\u00fclmen &#8211; SV Zweckel<\/p>\n<p>Die Zweckeler haben nach einer langen Durststrecke wieder einmal gewonnen und sich wieder den Nichtabstiegsr\u00e4ngen der Bezirksliga gen\u00e4hert. Das Spiel in D\u00fclmen kommt deshalb m\u00f6glicherweise etwas ungelegen, allerdings ist die Erwartunghaltung auch nicht so hoch.<\/p>\n<p>Schon im Hinspiel waren die D\u00fclmener haushoher Favorit und kamen letztendlich \u00fcber ein Unentschieden ab der Dorstener Stra\u00dfe nicht hinaus. Neben dem FC Marl waren die Schwarz-Gr\u00fcnen die einzige Mannschaft, die dem Tabellenf\u00fchrer in der laufenden Saison einen Punkt abnehmen konnten. Mit 47 (von 51 Punkten) f\u00fchren die D\u00fclmener die Tabelle souver\u00e4n an und weisen jeden Spieltag nach, dass sie aufsteigen wollen. Mit einem \u00fcberragenden Torverh\u00e4ltnis von 66:5 Treffern stellt die Mannschaft nicht nur den beten Sturm der Liga, sondern hat in 17 Spielen auch erst 5 Treffer kassiert.<\/p>\n<p>Die Vorzeichen sind also klar, zumal die Zweckeler mit einem Handicap in diese Partie gehen. Sven und Sebastian Hagemeister, die auch gegen Merfeld ein starkes Spiel ablieferten werden fehlen. Die Br\u00fcder haben beide gegen Merfeld ihrer f\u00fcnfte gelbe Karte kassiert und m\u00fcssen einen Spieltag pausieren. Dann m\u00fcssen am kommenden Sonntag eben Spieler ran, die bisher noch nicht so viele Einsatzzeiten bekamen und k\u00f6nnen dann ihren Willen und ihr K\u00f6nnen beweisen.<\/p>\n<p>Adresse:<\/p>\n<p>Rasenplatz im TSG D\u00fclmen-Stadion, Grenzweg 100, 48249 D\u00fclmen<\/p>\n","protected":false},"excerpt":{"rendered":"<p>Sonntag, 06.03.22, 15:00 Uhr: TSG D\u00fclmen &#8211; SV Zweckel Die Zweckeler haben nach einer langen Durststrecke wieder einmal gewonnen und sich wieder den Nichtabstiegsr\u00e4ngen der Bezirksliga gen\u00e4hert. Das Spiel in D\u00fclmen kommt deshalb m\u00f6glicherweise etwas ungelegen, allerdings ist die Erwartunghaltung auch nicht so hoch. Schon im Hinspiel waren die D\u00fclmener haushoher Favorit und kamen letztendlich [&hellip;]<\/p>\n","protected":false},"author":3,"featured_media":14375,"comment_status":"open","ping_status":"closed","sticky":false,"template":"","format":"standard","meta":{"_jetpack_memberships_contains_paid_content":false,"footnotes":"","jetpack_publicize_message":"","jetpack_publicize_feature_enabled":true,"jetpack_social_post_already_shared":false,"jetpack_social_options":{"image_generator_settings":{"template":"highway","default_image_id":0,"font":"","enabled":false},"version":2}},"categories":[2],"tags":[],"class_list":["post-14385","post","type-post","status-publish","format-standard","has-post-thumbnail","hentry","category-1-mannschaft"],"jetpack_publicize_connections":[],"jetpack_featured_media_url":"https:\/\/i0.wp.com\/www.svzweckel.de\/wp-content\/uploads\/2022\/02\/wp-16459819211468071080009232627674-scaled.jpg?fit=2560%2C1440&ssl=1","jetpack_sharing_enabled":true,"_links":{"self":[{"href":"https:\/\/www.svzweckel.de\/index.php?rest_route=\/wp\/v2\/posts\/14385","targetHints":{"allow":["GET"]}}],"collection":[{"href":"https:\/\/www.svzweckel.de\/index.php?rest_route=\/wp\/v2\/posts"}],"about":[{"href":"https:\/\/www.svzweckel.de\/index.php?rest_route=\/wp\/v2\/types\/post"}],"author":[{"embeddable":true,"href":"https:\/\/www.svzweckel.de\/index.php?rest_route=\/wp\/v2\/users\/3"}],"replies":[{"embeddable":true,"href":"https:\/\/www.svzweckel.de\/index.php?rest_route=%2Fwp%2Fv2%2Fcomments&post=14385"}],"version-history":[{"count":0,"href":"https:\/\/www.svzweckel.de\/index.php?rest_route=\/wp\/v2\/posts\/14385\/revisions"}],"wp:featuredmedia":[{"embeddable":true,"href":"https:\/\/www.svzweckel.de\/index.php?rest_route=\/wp\/v2\/media\/14375"}],"wp:attachment":[{"href":"https:\/\/www.svzweckel.de\/index.php?rest_route=%2Fwp%2Fv2%2Fmedia&parent=14385"}],"wp:term":[{"taxonomy":"category","embeddable":true,"href":"https:\/\/www.svzweckel.de\/index.php?rest_route=%2Fwp%2Fv2%2Fcategories&post=14385"},{"taxonomy":"post_tag","embeddable":true,"href":"https:\/\/www.svzweckel.de\/index.php?rest_route=%2Fwp%2Fv2%2Ftags&post=14385"}],"curies":[{"name":"wp","href":"https:\/\/api.w.org\/{rel}","templated":true}]}}