{"id":14388,"date":"2022-02-28T10:32:48","date_gmt":"2022-02-28T09:32:48","guid":{"rendered":"https:\/\/www.svzweckel.de\/?p=14388"},"modified":"2022-02-28T10:32:48","modified_gmt":"2022-02-28T09:32:48","slug":"spitzenteam-im-kaefig","status":"publish","type":"post","link":"https:\/\/www.svzweckel.de\/?p=14388","title":{"rendered":"Spitzenteam im K\u00e4fig"},"content":{"rendered":"<p>Mittwoch, 02.03.22, 19:00 Uhr: SV Zweckel II &#8211; SuS Beckhausen 05<\/p>\n<p>Am Mittwoch wartet auf die Zweckeler Zweite ein Herkulesaufgabe. Im Nachholspiel stellt sich der Aufstiegsaspirant Beckhausen 05 im K\u00e4fig vor. Die Gelsenkirchener befinden sich zwar derzeit nur auf dem dritten Platz der Kreisliga, haben aber noch zwei Nachholspiele zu absolvieren. Sollten diese jedoch gewonnen werden, ziehen die Beckhausener an Eintracht Erle und FSM Gladbeck vorbei und \u00fcbernehmen die Tabellenf\u00fchrung.<\/p>\n<p>Die Zweckeler haben ganz andere Sorgen. Es kommen hoffentlich einige Verletzte wieder in die Mannschaft zur\u00fcck, so dass Perry Pfeng und sein Co-Trainer Steven Marckowiak wieder eine schlagkr\u00e4ftige Truppe zur Verf\u00fcgung haben, die hoffentlich mal wieder f\u00fcr einen \u00dcberraschung gut ist.<\/p>\n","protected":false},"excerpt":{"rendered":"<p>Mittwoch, 02.03.22, 19:00 Uhr: SV Zweckel II &#8211; SuS Beckhausen 05 Am Mittwoch wartet auf die Zweckeler Zweite ein Herkulesaufgabe. Im Nachholspiel stellt sich der Aufstiegsaspirant Beckhausen 05 im K\u00e4fig vor. Die Gelsenkirchener befinden sich zwar derzeit nur auf dem dritten Platz der Kreisliga, haben aber noch zwei Nachholspiele zu absolvieren. Sollten diese jedoch gewonnen [&hellip;]<\/p>\n","protected":false},"author":3,"featured_media":14370,"comment_status":"open","ping_status":"closed","sticky":false,"template":"","format":"standard","meta":{"_jetpack_memberships_contains_paid_content":false,"footnotes":"","jetpack_publicize_message":"","jetpack_publicize_feature_enabled":true,"jetpack_social_post_already_shared":false,"jetpack_social_options":{"image_generator_settings":{"template":"highway","default_image_id":0,"font":"","enabled":false},"version":2}},"categories":[20],"tags":[],"class_list":["post-14388","post","type-post","status-publish","format-standard","has-post-thumbnail","hentry","category-2-mannschaft"],"jetpack_publicize_connections":[],"jetpack_featured_media_url":"https:\/\/i0.wp.com\/www.svzweckel.de\/wp-content\/uploads\/2022\/02\/wp-16457967785501925170860357227804.jpg?fit=1024%2C768&ssl=1","jetpack_sharing_enabled":true,"_links":{"self":[{"href":"https:\/\/www.svzweckel.de\/index.php?rest_route=\/wp\/v2\/posts\/14388","targetHints":{"allow":["GET"]}}],"collection":[{"href":"https:\/\/www.svzweckel.de\/index.php?rest_route=\/wp\/v2\/posts"}],"about":[{"href":"https:\/\/www.svzweckel.de\/index.php?rest_route=\/wp\/v2\/types\/post"}],"author":[{"embeddable":true,"href":"https:\/\/www.svzweckel.de\/index.php?rest_route=\/wp\/v2\/users\/3"}],"replies":[{"embeddable":true,"href":"https:\/\/www.svzweckel.de\/index.php?rest_route=%2Fwp%2Fv2%2Fcomments&post=14388"}],"version-history":[{"count":0,"href":"https:\/\/www.svzweckel.de\/index.php?rest_route=\/wp\/v2\/posts\/14388\/revisions"}],"wp:featuredmedia":[{"embeddable":true,"href":"https:\/\/www.svzweckel.de\/index.php?rest_route=\/wp\/v2\/media\/14370"}],"wp:attachment":[{"href":"https:\/\/www.svzweckel.de\/index.php?rest_route=%2Fwp%2Fv2%2Fmedia&parent=14388"}],"wp:term":[{"taxonomy":"category","embeddable":true,"href":"https:\/\/www.svzweckel.de\/index.php?rest_route=%2Fwp%2Fv2%2Fcategories&post=14388"},{"taxonomy":"post_tag","embeddable":true,"href":"https:\/\/www.svzweckel.de\/index.php?rest_route=%2Fwp%2Fv2%2Ftags&post=14388"}],"curies":[{"name":"wp","href":"https:\/\/api.w.org\/{rel}","templated":true}]}}