{"id":14394,"date":"2022-03-01T23:27:09","date_gmt":"2022-03-01T22:27:09","guid":{"rendered":"https:\/\/www.svzweckel.de\/?p=14394"},"modified":"2022-03-01T23:27:16","modified_gmt":"2022-03-01T22:27:16","slug":"verdient-in-der-5-runde-des-kreispokals","status":"publish","type":"post","link":"https:\/\/www.svzweckel.de\/?p=14394","title":{"rendered":"Verdient in der 5. Runde des Kreispokals"},"content":{"rendered":"<p>SSV\/FCA Rotthausen &#8211; SV Zweckel 1:2 (0:0)<\/p>\n<p>Der SV Zweckel hat gegen den ambitionierten Kreisligisten die n\u00e4chste Runde des Kreispokals erreicht. Die hart zur Sache gehenden Gastgeber schenkten den Zweckelern keinen Meter und verlangten der ersatzgeschw\u00e4chten Zweckeler Mannschaft alles ab.<\/p>\n<p>Kurz vor Ende der ersten Halbzeit musste Sebastian Hagemeister nach einem \u00fcberharten Einsteigen seines Gegenspielers ausgewechselt werden und wurde durch Armand Lalo Penka Kouesso ersetzt. Von Beginn an mussten die Schwarz-Gr\u00fcnen auf Yasin Muslubas, Julius Wloch, Sven Hagemeister, Alexander Tschalumjan und Marcel Ofiera verzichten, die insbesondere wegen Verletzungen nicht zur Verf\u00fcgung standen.<\/p>\n<p>In der ersten Halbzeit kam das alte Zweckeler Problem mal wieder zur Geltung, denn die Zweckeler konnten einige gute Gelegenheiten nicht zur F\u00fchrung nutzen. Auf der anderen Seite verlegten sich die Rotthausener aufs Kontern, kamen damit aber nur selten vor das Zweckeler Tor.\u00a0 Nach dem Wechsel waren die Zweckeler deutlich st\u00e4rker als der Kreisligist und dr\u00e4ngten immer mehr auf die F\u00fchrung. Aber auch jetzt wurden beste Chancen nicht genutzt. Das \u00e4nderte sich in der 77. Minute, als der eingewechselte Armand Kouesso im Nachsetzen seine Farben in\u00a0 F\u00fchrung brachte. Kurz vor Ende der Partie lenkte Jonas Gerfen eine Flanke unhaltbar ins eigene Tor ab und der Gastgeber erzielte v\u00f6llig \u00fcberraschend die F\u00fchrung, denn bis dahin hatte Rotthausen kaum Gelegenheiten.<\/p>\n<p>In dere Nachspielzeit dr\u00e4ngten die Zweckeler weiter auf den Siegtreffer und wurden f\u00fcr ihre Bem\u00fchungen dann auch belohnt. M\u00fccahit Yavuzaslan steckte einen langen Pass auf der rechten Seite durch und Armand Kouesso \u00fcberlief mit einem langen Sprint seinen Gegenspieler und lie\u00df mit einem strammen Schuss ins linke untere Eck dem gegnerischen Torh\u00fcter keine Abwehrchance.<\/p>\n<p>Damit war die Partie entschieden und der SV Zweckel ist somit unter den letzten acht Mannschaften des Kreispokals.<\/p>\n","protected":false},"excerpt":{"rendered":"<p>SSV\/FCA Rotthausen &#8211; SV Zweckel 1:2 (0:0) Der SV Zweckel hat gegen den ambitionierten Kreisligisten die n\u00e4chste Runde des Kreispokals erreicht. Die hart zur Sache gehenden Gastgeber schenkten den Zweckelern keinen Meter und verlangten der ersatzgeschw\u00e4chten Zweckeler Mannschaft alles ab. Kurz vor Ende der ersten Halbzeit musste Sebastian Hagemeister nach einem \u00fcberharten Einsteigen seines Gegenspielers [&hellip;]<\/p>\n","protected":false},"author":3,"featured_media":14396,"comment_status":"open","ping_status":"closed","sticky":false,"template":"","format":"standard","meta":{"_jetpack_memberships_contains_paid_content":false,"footnotes":"","jetpack_publicize_message":"","jetpack_publicize_feature_enabled":true,"jetpack_social_post_already_shared":false,"jetpack_social_options":{"image_generator_settings":{"template":"highway","default_image_id":0,"font":"","enabled":false},"version":2}},"categories":[2],"tags":[],"class_list":["post-14394","post","type-post","status-publish","format-standard","has-post-thumbnail","hentry","category-1-mannschaft"],"jetpack_publicize_connections":[],"jetpack_featured_media_url":"https:\/\/i0.wp.com\/www.svzweckel.de\/wp-content\/uploads\/2022\/03\/wp-16461736913604774671794415940291-scaled.jpg?fit=2560%2C1440&ssl=1","jetpack_sharing_enabled":true,"_links":{"self":[{"href":"https:\/\/www.svzweckel.de\/index.php?rest_route=\/wp\/v2\/posts\/14394","targetHints":{"allow":["GET"]}}],"collection":[{"href":"https:\/\/www.svzweckel.de\/index.php?rest_route=\/wp\/v2\/posts"}],"about":[{"href":"https:\/\/www.svzweckel.de\/index.php?rest_route=\/wp\/v2\/types\/post"}],"author":[{"embeddable":true,"href":"https:\/\/www.svzweckel.de\/index.php?rest_route=\/wp\/v2\/users\/3"}],"replies":[{"embeddable":true,"href":"https:\/\/www.svzweckel.de\/index.php?rest_route=%2Fwp%2Fv2%2Fcomments&post=14394"}],"version-history":[{"count":0,"href":"https:\/\/www.svzweckel.de\/index.php?rest_route=\/wp\/v2\/posts\/14394\/revisions"}],"wp:featuredmedia":[{"embeddable":true,"href":"https:\/\/www.svzweckel.de\/index.php?rest_route=\/wp\/v2\/media\/14396"}],"wp:attachment":[{"href":"https:\/\/www.svzweckel.de\/index.php?rest_route=%2Fwp%2Fv2%2Fmedia&parent=14394"}],"wp:term":[{"taxonomy":"category","embeddable":true,"href":"https:\/\/www.svzweckel.de\/index.php?rest_route=%2Fwp%2Fv2%2Fcategories&post=14394"},{"taxonomy":"post_tag","embeddable":true,"href":"https:\/\/www.svzweckel.de\/index.php?rest_route=%2Fwp%2Fv2%2Ftags&post=14394"}],"curies":[{"name":"wp","href":"https:\/\/api.w.org\/{rel}","templated":true}]}}