{"id":14397,"date":"2022-03-03T21:36:28","date_gmt":"2022-03-03T20:36:28","guid":{"rendered":"https:\/\/www.svzweckel.de\/?p=14397"},"modified":"2022-03-03T21:36:28","modified_gmt":"2022-03-03T20:36:28","slug":"neue-oeffnungszeiten-des-vereinsheim","status":"publish","type":"post","link":"https:\/\/www.svzweckel.de\/?p=14397","title":{"rendered":"Neue \u00d6ffnungszeiten des Vereinsheim"},"content":{"rendered":"<p>Das Vereinsheim des SV Zweckel ist an den Wochentagen wieder ab 16 Uhr ge\u00f6ffnet.<\/p>\n<p>Zus\u00e4tzlich ist das Vereinsheim auch immer bei den Spielen des FC Schalke 04 zug\u00e4nglich, so dass Fans ihre Mannschaft auch auf dem gro\u00dfen Bildschirm verfolgen k\u00f6nnen.<\/p>\n","protected":false},"excerpt":{"rendered":"<p>Das Vereinsheim des SV Zweckel ist an den Wochentagen wieder ab 16 Uhr ge\u00f6ffnet. Zus\u00e4tzlich ist das Vereinsheim auch immer bei den Spielen des FC Schalke 04 zug\u00e4nglich, so dass Fans ihre Mannschaft auch auf dem gro\u00dfen Bildschirm verfolgen k\u00f6nnen.<\/p>\n","protected":false},"author":3,"featured_media":14399,"comment_status":"open","ping_status":"closed","sticky":false,"template":"","format":"standard","meta":{"_jetpack_memberships_contains_paid_content":false,"footnotes":"","jetpack_publicize_message":"","jetpack_publicize_feature_enabled":true,"jetpack_social_post_already_shared":false,"jetpack_social_options":{"image_generator_settings":{"template":"highway","default_image_id":0,"font":"","enabled":false},"version":2}},"categories":[3],"tags":[],"class_list":["post-14397","post","type-post","status-publish","format-standard","has-post-thumbnail","hentry","category-allgemein"],"jetpack_publicize_connections":[],"jetpack_featured_media_url":"https:\/\/i0.wp.com\/www.svzweckel.de\/wp-content\/uploads\/2022\/03\/Vereinsheim.jpg?fit=800%2C533&ssl=1","jetpack_sharing_enabled":true,"_links":{"self":[{"href":"https:\/\/www.svzweckel.de\/index.php?rest_route=\/wp\/v2\/posts\/14397","targetHints":{"allow":["GET"]}}],"collection":[{"href":"https:\/\/www.svzweckel.de\/index.php?rest_route=\/wp\/v2\/posts"}],"about":[{"href":"https:\/\/www.svzweckel.de\/index.php?rest_route=\/wp\/v2\/types\/post"}],"author":[{"embeddable":true,"href":"https:\/\/www.svzweckel.de\/index.php?rest_route=\/wp\/v2\/users\/3"}],"replies":[{"embeddable":true,"href":"https:\/\/www.svzweckel.de\/index.php?rest_route=%2Fwp%2Fv2%2Fcomments&post=14397"}],"version-history":[{"count":0,"href":"https:\/\/www.svzweckel.de\/index.php?rest_route=\/wp\/v2\/posts\/14397\/revisions"}],"wp:featuredmedia":[{"embeddable":true,"href":"https:\/\/www.svzweckel.de\/index.php?rest_route=\/wp\/v2\/media\/14399"}],"wp:attachment":[{"href":"https:\/\/www.svzweckel.de\/index.php?rest_route=%2Fwp%2Fv2%2Fmedia&parent=14397"}],"wp:term":[{"taxonomy":"category","embeddable":true,"href":"https:\/\/www.svzweckel.de\/index.php?rest_route=%2Fwp%2Fv2%2Fcategories&post=14397"},{"taxonomy":"post_tag","embeddable":true,"href":"https:\/\/www.svzweckel.de\/index.php?rest_route=%2Fwp%2Fv2%2Ftags&post=14397"}],"curies":[{"name":"wp","href":"https:\/\/api.w.org\/{rel}","templated":true}]}}