{"id":14406,"date":"2022-03-04T19:51:18","date_gmt":"2022-03-04T18:51:18","guid":{"rendered":"https:\/\/www.svzweckel.de\/?p=14406"},"modified":"2022-03-04T19:51:18","modified_gmt":"2022-03-04T18:51:18","slug":"spielabsage-der-ersten","status":"publish","type":"post","link":"https:\/\/www.svzweckel.de\/?p=14406","title":{"rendered":"Spielabsage der Ersten"},"content":{"rendered":"<p>Der SV Zweckel muss das Spiel bei der TSG D\u00fclmen am kommenden Sonntag leider absagen, da nicht mehr als sechs Spieler zur Verf\u00fcgung stehen. Aus unterschiedlichen Gr\u00fcnden (Krankenhausaufenthalte, Verletzungen, Gelbsperren, Arbeit, Seminare) kann Guido Naumann keine Mannschaft aufs Feld schicken.<\/p>\n<p>In der kommenden Woche werden voraussichtlich einige Spieler wieder ins Training zur\u00fcckkehren, damit im Heimspiel gegen Suderwich wieder eine schlagfertige Mannschaft zur Verf\u00fcgung steht.<\/p>\n","protected":false},"excerpt":{"rendered":"<p>Der SV Zweckel muss das Spiel bei der TSG D\u00fclmen am kommenden Sonntag leider absagen, da nicht mehr als sechs Spieler zur Verf\u00fcgung stehen. Aus unterschiedlichen Gr\u00fcnden (Krankenhausaufenthalte, Verletzungen, Gelbsperren, Arbeit, Seminare) kann Guido Naumann keine Mannschaft aufs Feld schicken. In der kommenden Woche werden voraussichtlich einige Spieler wieder ins Training zur\u00fcckkehren, damit im Heimspiel [&hellip;]<\/p>\n","protected":false},"author":3,"featured_media":14408,"comment_status":"open","ping_status":"closed","sticky":false,"template":"","format":"standard","meta":{"_jetpack_memberships_contains_paid_content":false,"footnotes":"","jetpack_publicize_message":"","jetpack_publicize_feature_enabled":true,"jetpack_social_post_already_shared":false,"jetpack_social_options":{"image_generator_settings":{"template":"highway","default_image_id":0,"font":"","enabled":false},"version":2}},"categories":[2],"tags":[],"class_list":["post-14406","post","type-post","status-publish","format-standard","has-post-thumbnail","hentry","category-1-mannschaft"],"jetpack_publicize_connections":[],"jetpack_featured_media_url":"https:\/\/i0.wp.com\/www.svzweckel.de\/wp-content\/uploads\/2022\/03\/DSCN0018.jpg?fit=800%2C600&ssl=1","jetpack_sharing_enabled":true,"_links":{"self":[{"href":"https:\/\/www.svzweckel.de\/index.php?rest_route=\/wp\/v2\/posts\/14406","targetHints":{"allow":["GET"]}}],"collection":[{"href":"https:\/\/www.svzweckel.de\/index.php?rest_route=\/wp\/v2\/posts"}],"about":[{"href":"https:\/\/www.svzweckel.de\/index.php?rest_route=\/wp\/v2\/types\/post"}],"author":[{"embeddable":true,"href":"https:\/\/www.svzweckel.de\/index.php?rest_route=\/wp\/v2\/users\/3"}],"replies":[{"embeddable":true,"href":"https:\/\/www.svzweckel.de\/index.php?rest_route=%2Fwp%2Fv2%2Fcomments&post=14406"}],"version-history":[{"count":0,"href":"https:\/\/www.svzweckel.de\/index.php?rest_route=\/wp\/v2\/posts\/14406\/revisions"}],"wp:featuredmedia":[{"embeddable":true,"href":"https:\/\/www.svzweckel.de\/index.php?rest_route=\/wp\/v2\/media\/14408"}],"wp:attachment":[{"href":"https:\/\/www.svzweckel.de\/index.php?rest_route=%2Fwp%2Fv2%2Fmedia&parent=14406"}],"wp:term":[{"taxonomy":"category","embeddable":true,"href":"https:\/\/www.svzweckel.de\/index.php?rest_route=%2Fwp%2Fv2%2Fcategories&post=14406"},{"taxonomy":"post_tag","embeddable":true,"href":"https:\/\/www.svzweckel.de\/index.php?rest_route=%2Fwp%2Fv2%2Ftags&post=14406"}],"curies":[{"name":"wp","href":"https:\/\/api.w.org\/{rel}","templated":true}]}}