{"id":14423,"date":"2022-03-09T14:37:28","date_gmt":"2022-03-09T13:37:28","guid":{"rendered":"https:\/\/www.svzweckel.de\/?p=14423"},"modified":"2022-03-09T14:37:28","modified_gmt":"2022-03-09T13:37:28","slug":"gegen-suderwich-nachlegen","status":"publish","type":"post","link":"https:\/\/www.svzweckel.de\/?p=14423","title":{"rendered":"Gegen Suderwich nachlegen"},"content":{"rendered":"<p>Sonntag, 13.03.22, 15:00 Uhr: SV Zweckel &#8211; Suderwich<\/p>\n<p>Am kommenden Sonntag kommt ein Abstiegskonkurrent zur Dorstener Stra\u00dfe und wird auf dem Rasenplatz seine Visitenkarte abgeben.<\/p>\n<p>Der SV Zweckel konnte am vergangenen Spieltag nicht in D\u00fclmen antreten und wird am Sonntag zwar wieder auf einige Spieler verzichten m\u00fcssen, bekommt aber eine Mannschaft zusammen, die gegen den Konkurrenten aus Recklinghausen alles geben wird.<\/p>\n<p>Im Moment sieht es so aus, dass das Spiel auf dem Rasen stattfinden kann, der bis zum Wochenende durch den ZBG hergerichet wird. Die Zweckeler m\u00fcssen voraussichtlich auf die gelbgesperrten Hagemeister-Br\u00fcder verzichten, die eintr\u00e4chtig ihre Sperre absitzen m\u00fcssen. Weiterhin ist mindestens ein Spieler arbeitsbedingt verhindert und einige Verletzte kommen hoffentlich ins Training zur\u00fcck. Der Doppeltorsch\u00fctze des Pokalsspiels Armand Lalo Penka Kouesso hat sich leider auch verletzt und steht vermutlich nicht zur Verf\u00fcgung.<\/p>\n<p>Die Mannschaft wei\u00df um dieses wichtige Spiel und wird alles in die Waagschale werfen, um die Punkte in Zweckel zu behalten.<\/p>\n","protected":false},"excerpt":{"rendered":"<p>Sonntag, 13.03.22, 15:00 Uhr: SV Zweckel &#8211; Suderwich Am kommenden Sonntag kommt ein Abstiegskonkurrent zur Dorstener Stra\u00dfe und wird auf dem Rasenplatz seine Visitenkarte abgeben. Der SV Zweckel konnte am vergangenen Spieltag nicht in D\u00fclmen antreten und wird am Sonntag zwar wieder auf einige Spieler verzichten m\u00fcssen, bekommt aber eine Mannschaft zusammen, die gegen den [&hellip;]<\/p>\n","protected":false},"author":3,"featured_media":14377,"comment_status":"open","ping_status":"closed","sticky":false,"template":"","format":"standard","meta":{"_jetpack_memberships_contains_paid_content":false,"footnotes":"","jetpack_publicize_message":"","jetpack_publicize_feature_enabled":true,"jetpack_social_post_already_shared":false,"jetpack_social_options":{"image_generator_settings":{"template":"highway","default_image_id":0,"font":"","enabled":false},"version":2}},"categories":[2],"tags":[],"class_list":["post-14423","post","type-post","status-publish","format-standard","has-post-thumbnail","hentry","category-1-mannschaft"],"jetpack_publicize_connections":[],"jetpack_featured_media_url":"https:\/\/i0.wp.com\/www.svzweckel.de\/wp-content\/uploads\/2022\/02\/wp-16459819488261904755799172485844-scaled.jpg?fit=2560%2C1440&ssl=1","jetpack_sharing_enabled":true,"_links":{"self":[{"href":"https:\/\/www.svzweckel.de\/index.php?rest_route=\/wp\/v2\/posts\/14423","targetHints":{"allow":["GET"]}}],"collection":[{"href":"https:\/\/www.svzweckel.de\/index.php?rest_route=\/wp\/v2\/posts"}],"about":[{"href":"https:\/\/www.svzweckel.de\/index.php?rest_route=\/wp\/v2\/types\/post"}],"author":[{"embeddable":true,"href":"https:\/\/www.svzweckel.de\/index.php?rest_route=\/wp\/v2\/users\/3"}],"replies":[{"embeddable":true,"href":"https:\/\/www.svzweckel.de\/index.php?rest_route=%2Fwp%2Fv2%2Fcomments&post=14423"}],"version-history":[{"count":0,"href":"https:\/\/www.svzweckel.de\/index.php?rest_route=\/wp\/v2\/posts\/14423\/revisions"}],"wp:featuredmedia":[{"embeddable":true,"href":"https:\/\/www.svzweckel.de\/index.php?rest_route=\/wp\/v2\/media\/14377"}],"wp:attachment":[{"href":"https:\/\/www.svzweckel.de\/index.php?rest_route=%2Fwp%2Fv2%2Fmedia&parent=14423"}],"wp:term":[{"taxonomy":"category","embeddable":true,"href":"https:\/\/www.svzweckel.de\/index.php?rest_route=%2Fwp%2Fv2%2Fcategories&post=14423"},{"taxonomy":"post_tag","embeddable":true,"href":"https:\/\/www.svzweckel.de\/index.php?rest_route=%2Fwp%2Fv2%2Ftags&post=14423"}],"curies":[{"name":"wp","href":"https:\/\/api.w.org\/{rel}","templated":true}]}}