{"id":14440,"date":"2022-03-15T20:10:05","date_gmt":"2022-03-15T19:10:05","guid":{"rendered":"https:\/\/www.svzweckel.de\/?p=14440"},"modified":"2022-03-15T20:10:05","modified_gmt":"2022-03-15T19:10:05","slug":"dem-druck-nicht-gewachsen","status":"publish","type":"post","link":"https:\/\/www.svzweckel.de\/?p=14440","title":{"rendered":"Dem Druck nicht gewachsen?"},"content":{"rendered":"<p>SV Zweckel &#8211; SG Suderwich 0:1 (0:0)<\/p>\n<p>Es war nicht das erste Mal, dass der SV Zweckel gegen einen Abstiegskonkurrenten nach dem Spiel wieder mit leeren H\u00e4nden dastand. Unabh\u00e4ngig von der schmalen Personaldecke &#8211; Trainer Guido Naumann musste im Laufe der Woche neben den gesperrten Hagemeisterbr\u00fcdern noch auf Ahmed Cicek und Julius Wloch verzichten &#8211; scheint die Mannschaft gegen weniger spielstarke Teams keine L\u00f6sungen zu finden, um das Spiel erfolgreich zu gestalten.<\/p>\n<p>In der Anfangsphase waren die Zweckeler hellwach und erspielten sich einige Chancen, die aber teilweise kl\u00e4glich vergeben wurden. Den Gegnern fiel auch nicht viel ein und sie kamen in der ersten Halbzeit nur einmal gef\u00e4hrlich vor den Zweckeler Kasten.<\/p>\n<p>In der Halbzeit musste Alexander Tschalumjan raus, da er Atembeschwerden hatte. F\u00fcr f\u00fcr ihn st\u00fcrmte Justin Andjelkovic, der jedoch ebenso wie seine Sturmkollegen kaum gef\u00e4hrlich in die Box kam und wie die gesamte Mannschaft keine Torgefahr ausstrahlte.<\/p>\n<p>Und wie das beim SV Zweckel in dieser Saison l\u00e4uft ist hinl\u00e4nglich bekannt. Die G\u00e4ste kamen in der zweiten Halbzeit lediglich zweimal gef\u00e4hrlich nach vorne und brauchten dann auch noch den ansonsten gut spielenden Zweckeler &#8222;Abwehrchef&#8220; Jonas Gerfen, der nach einer Ecke ungl\u00fccklich ins eigene Tor traf. Damit war das Spiel gelaufen, denn die Zweckeler schafften es trotz erkennbaren Willens nicht, weitere Chancen bzw. Torgefahr\u00a0 zu kreieren.<\/p>\n<p>In den n\u00e4chsten Spielen wird es extrem schwer, den Anschluss nach oben zu finden.<\/p>\n","protected":false},"excerpt":{"rendered":"<p>SV Zweckel &#8211; SG Suderwich 0:1 (0:0) Es war nicht das erste Mal, dass der SV Zweckel gegen einen Abstiegskonkurrenten nach dem Spiel wieder mit leeren H\u00e4nden dastand. Unabh\u00e4ngig von der schmalen Personaldecke &#8211; Trainer Guido Naumann musste im Laufe der Woche neben den gesperrten Hagemeisterbr\u00fcdern noch auf Ahmed Cicek und Julius Wloch verzichten &#8211; [&hellip;]<\/p>\n","protected":false},"author":3,"featured_media":14441,"comment_status":"open","ping_status":"closed","sticky":false,"template":"","format":"standard","meta":{"_jetpack_memberships_contains_paid_content":false,"footnotes":"","jetpack_publicize_message":"","jetpack_publicize_feature_enabled":true,"jetpack_social_post_already_shared":false,"jetpack_social_options":{"image_generator_settings":{"template":"highway","default_image_id":0,"font":"","enabled":false},"version":2}},"categories":[2],"tags":[],"class_list":["post-14440","post","type-post","status-publish","format-standard","has-post-thumbnail","hentry","category-1-mannschaft"],"jetpack_publicize_connections":[],"jetpack_featured_media_url":"https:\/\/i0.wp.com\/www.svzweckel.de\/wp-content\/uploads\/2022\/03\/DSC01518.jpg?fit=800%2C533&ssl=1","jetpack_sharing_enabled":true,"_links":{"self":[{"href":"https:\/\/www.svzweckel.de\/index.php?rest_route=\/wp\/v2\/posts\/14440","targetHints":{"allow":["GET"]}}],"collection":[{"href":"https:\/\/www.svzweckel.de\/index.php?rest_route=\/wp\/v2\/posts"}],"about":[{"href":"https:\/\/www.svzweckel.de\/index.php?rest_route=\/wp\/v2\/types\/post"}],"author":[{"embeddable":true,"href":"https:\/\/www.svzweckel.de\/index.php?rest_route=\/wp\/v2\/users\/3"}],"replies":[{"embeddable":true,"href":"https:\/\/www.svzweckel.de\/index.php?rest_route=%2Fwp%2Fv2%2Fcomments&post=14440"}],"version-history":[{"count":0,"href":"https:\/\/www.svzweckel.de\/index.php?rest_route=\/wp\/v2\/posts\/14440\/revisions"}],"wp:featuredmedia":[{"embeddable":true,"href":"https:\/\/www.svzweckel.de\/index.php?rest_route=\/wp\/v2\/media\/14441"}],"wp:attachment":[{"href":"https:\/\/www.svzweckel.de\/index.php?rest_route=%2Fwp%2Fv2%2Fmedia&parent=14440"}],"wp:term":[{"taxonomy":"category","embeddable":true,"href":"https:\/\/www.svzweckel.de\/index.php?rest_route=%2Fwp%2Fv2%2Fcategories&post=14440"},{"taxonomy":"post_tag","embeddable":true,"href":"https:\/\/www.svzweckel.de\/index.php?rest_route=%2Fwp%2Fv2%2Ftags&post=14440"}],"curies":[{"name":"wp","href":"https:\/\/api.w.org\/{rel}","templated":true}]}}