{"id":14443,"date":"2022-03-18T15:05:27","date_gmt":"2022-03-18T14:05:27","guid":{"rendered":"https:\/\/www.svzweckel.de\/?p=14443"},"modified":"2022-03-18T15:05:27","modified_gmt":"2022-03-18T14:05:27","slug":"das-erste-von-zwoelf-endspielen","status":"publish","type":"post","link":"https:\/\/www.svzweckel.de\/?p=14443","title":{"rendered":"Das erste von zw\u00f6lf Endspielen"},"content":{"rendered":"<p>Sonntag, 20.03.2022, 15:00 Uhr: VfB H\u00fcls &#8211; SV Zweckel<\/p>\n<p>Auf dem Rasenplatz am Badeweiher treffen zwei ehemalige Oberligisten aufeinander, deren Saison ganz unterschiedlich verlaufen ist. Den VfB H\u00fcls durfte man zurecht in der Tabellenspitze erwarten. Nach einigen Turbulenzen im letzten Herbst wurde der Cheftrainerposten mit Christoph Schlebach besetzt, der seit Anfang Januar f\u00fcr die Mannschaft verantwortlich zeichnet.<\/p>\n<p>Am letzten Sonntag musste der Coach, der schon einmal das Traineramt beim VfB innehatte mit seinem Team in seinem Wohnort Kirchhellen antreten und kassierte in der Nachspielzeit den Ausgleich zum 3:3-Unentschieden.<\/p>\n<p>Der SV Zweckel hat am vergangenen Wochenende leider wieder einmal gezeigt, warum es in der laufenden Saison bisher nur zu einem Abstiegsplatz reicht. Die Torausbeute ist einfach zu gering. Mit 23 erzielten Treffen teilen sich die Zweckeler den letzten Platz bei den erzielten Toren mit dem Tabellenletzten Westfalia Gelsenkirchen.<\/p>\n<p>Hoffnung macht allerdings noch immer die Abwehr, denn mit 39 kassierten Gegentreffern befindet man sich in der oberen Tabellenh\u00e4lfte. Das ist am Sonntag auch wichtig, da der VfB H\u00fcls \u00fcber den f\u00fcnftbesten Sturm verf\u00fcgt und immerhin mit\u00a0 51 Toren mehr als doppelt so viele Tore gegen\u00fcber dem SV Zweckel erzielt hat.<\/p>\n<p>Am Sonntag verf\u00fcgt Trainer Guido Naumann wieder \u00fcber einen gr\u00f6\u00dferen Kader, da Sven und Sebastian Hagemeister ihre Gelb-Sperre abgesessen haben und Youngster Julius Wloch wieder einsatzklar ist.<\/p>\n<p>Die Mannschaft muss auf dem Rasen der Evonik-Arena von der ersten bis zur letzten Minute k\u00e4mpfen und alles geben. Das hat der VfB Kirchhellen am letzten Sonntag auch gemacht und ist in der Nachspielzeit belohnt worden.<\/p>\n<p>Adresse:<\/p>\n<p>EVONIK-Sportpark (Stadion), Paul-Baumann-Strasse, 45772 Marl<\/p>\n<p>&nbsp;<\/p>\n","protected":false},"excerpt":{"rendered":"<p>Sonntag, 20.03.2022, 15:00 Uhr: VfB H\u00fcls &#8211; SV Zweckel Auf dem Rasenplatz am Badeweiher treffen zwei ehemalige Oberligisten aufeinander, deren Saison ganz unterschiedlich verlaufen ist. Den VfB H\u00fcls durfte man zurecht in der Tabellenspitze erwarten. Nach einigen Turbulenzen im letzten Herbst wurde der Cheftrainerposten mit Christoph Schlebach besetzt, der seit Anfang Januar f\u00fcr die Mannschaft [&hellip;]<\/p>\n","protected":false},"author":3,"featured_media":14445,"comment_status":"open","ping_status":"closed","sticky":false,"template":"","format":"standard","meta":{"_jetpack_memberships_contains_paid_content":false,"footnotes":"","jetpack_publicize_message":"","jetpack_publicize_feature_enabled":true,"jetpack_social_post_already_shared":false,"jetpack_social_options":{"image_generator_settings":{"template":"highway","default_image_id":0,"font":"","enabled":false},"version":2}},"categories":[2],"tags":[],"class_list":["post-14443","post","type-post","status-publish","format-standard","has-post-thumbnail","hentry","category-1-mannschaft"],"jetpack_publicize_connections":[],"jetpack_featured_media_url":"https:\/\/i0.wp.com\/www.svzweckel.de\/wp-content\/uploads\/2022\/03\/DSC01516.jpg?fit=800%2C533&ssl=1","jetpack_sharing_enabled":true,"_links":{"self":[{"href":"https:\/\/www.svzweckel.de\/index.php?rest_route=\/wp\/v2\/posts\/14443","targetHints":{"allow":["GET"]}}],"collection":[{"href":"https:\/\/www.svzweckel.de\/index.php?rest_route=\/wp\/v2\/posts"}],"about":[{"href":"https:\/\/www.svzweckel.de\/index.php?rest_route=\/wp\/v2\/types\/post"}],"author":[{"embeddable":true,"href":"https:\/\/www.svzweckel.de\/index.php?rest_route=\/wp\/v2\/users\/3"}],"replies":[{"embeddable":true,"href":"https:\/\/www.svzweckel.de\/index.php?rest_route=%2Fwp%2Fv2%2Fcomments&post=14443"}],"version-history":[{"count":0,"href":"https:\/\/www.svzweckel.de\/index.php?rest_route=\/wp\/v2\/posts\/14443\/revisions"}],"wp:featuredmedia":[{"embeddable":true,"href":"https:\/\/www.svzweckel.de\/index.php?rest_route=\/wp\/v2\/media\/14445"}],"wp:attachment":[{"href":"https:\/\/www.svzweckel.de\/index.php?rest_route=%2Fwp%2Fv2%2Fmedia&parent=14443"}],"wp:term":[{"taxonomy":"category","embeddable":true,"href":"https:\/\/www.svzweckel.de\/index.php?rest_route=%2Fwp%2Fv2%2Fcategories&post=14443"},{"taxonomy":"post_tag","embeddable":true,"href":"https:\/\/www.svzweckel.de\/index.php?rest_route=%2Fwp%2Fv2%2Ftags&post=14443"}],"curies":[{"name":"wp","href":"https:\/\/api.w.org\/{rel}","templated":true}]}}