{"id":14446,"date":"2022-03-18T15:13:00","date_gmt":"2022-03-18T14:13:00","guid":{"rendered":"https:\/\/www.svzweckel.de\/?p=14446"},"modified":"2022-03-18T15:13:00","modified_gmt":"2022-03-18T14:13:00","slug":"kann-die-zweite-endlich-wieder-punkten","status":"publish","type":"post","link":"https:\/\/www.svzweckel.de\/?p=14446","title":{"rendered":"Kann die Zweite endlich wieder punkten?"},"content":{"rendered":"<p>Sonntag, 20.03.22, 15:00 Uhr: SV Zweckel &#8211; Genclerbirligi Resse<\/p>\n<p>Nach einer langen Durststrecke will die Mannschaft gegen den Tabellenvorletzten endlich mal wieder ein Erfolgserlebnis einfahren. Nach den zuletzt knappen Niederlagen mit jeweils einem Tor Unterschied gegen Horst 59 und den BV Rentfort II m\u00f6chte die Elf von Perry Pfeng wieder auf die Siegerstra\u00dfe kommen.<\/p>\n<p>So leicht wie das auf dem Papier aussieht wird es auf keinen Fall, denn sowohl bei der Ersten als auch bei der Zweiten herrscht nach wie vor Personalmangel. In der Zweiten darf praktisch jeder, der am Sonntag mit Fu\u00dfballschuhen am Platz vorbeikommt, ein Trikot nehmen und auflaufen.<\/p>\n<p>Vielleicht kann der eine oder ander Verletzte wieder zum Kader sto\u00dfen und diesen somit verst\u00e4ren und dazu beitragen, dass weitere Punkte auf der Habenseite der Schwarz-Gr\u00fcnen erscheinen.<\/p>\n","protected":false},"excerpt":{"rendered":"<p>Sonntag, 20.03.22, 15:00 Uhr: SV Zweckel &#8211; Genclerbirligi Resse Nach einer langen Durststrecke will die Mannschaft gegen den Tabellenvorletzten endlich mal wieder ein Erfolgserlebnis einfahren. Nach den zuletzt knappen Niederlagen mit jeweils einem Tor Unterschied gegen Horst 59 und den BV Rentfort II m\u00f6chte die Elf von Perry Pfeng wieder auf die Siegerstra\u00dfe kommen. So [&hellip;]<\/p>\n","protected":false},"author":3,"featured_media":13456,"comment_status":"open","ping_status":"closed","sticky":false,"template":"","format":"standard","meta":{"_jetpack_memberships_contains_paid_content":false,"footnotes":"","jetpack_publicize_message":"","jetpack_publicize_feature_enabled":true,"jetpack_social_post_already_shared":false,"jetpack_social_options":{"image_generator_settings":{"template":"highway","default_image_id":0,"font":"","enabled":false},"version":2}},"categories":[20],"tags":[],"class_list":["post-14446","post","type-post","status-publish","format-standard","has-post-thumbnail","hentry","category-2-mannschaft"],"jetpack_publicize_connections":[],"jetpack_featured_media_url":"https:\/\/i0.wp.com\/www.svzweckel.de\/wp-content\/uploads\/2020\/09\/wp-16000143096193670564302875922831.jpg?fit=1024%2C768&ssl=1","jetpack_sharing_enabled":true,"_links":{"self":[{"href":"https:\/\/www.svzweckel.de\/index.php?rest_route=\/wp\/v2\/posts\/14446","targetHints":{"allow":["GET"]}}],"collection":[{"href":"https:\/\/www.svzweckel.de\/index.php?rest_route=\/wp\/v2\/posts"}],"about":[{"href":"https:\/\/www.svzweckel.de\/index.php?rest_route=\/wp\/v2\/types\/post"}],"author":[{"embeddable":true,"href":"https:\/\/www.svzweckel.de\/index.php?rest_route=\/wp\/v2\/users\/3"}],"replies":[{"embeddable":true,"href":"https:\/\/www.svzweckel.de\/index.php?rest_route=%2Fwp%2Fv2%2Fcomments&post=14446"}],"version-history":[{"count":0,"href":"https:\/\/www.svzweckel.de\/index.php?rest_route=\/wp\/v2\/posts\/14446\/revisions"}],"wp:featuredmedia":[{"embeddable":true,"href":"https:\/\/www.svzweckel.de\/index.php?rest_route=\/wp\/v2\/media\/13456"}],"wp:attachment":[{"href":"https:\/\/www.svzweckel.de\/index.php?rest_route=%2Fwp%2Fv2%2Fmedia&parent=14446"}],"wp:term":[{"taxonomy":"category","embeddable":true,"href":"https:\/\/www.svzweckel.de\/index.php?rest_route=%2Fwp%2Fv2%2Fcategories&post=14446"},{"taxonomy":"post_tag","embeddable":true,"href":"https:\/\/www.svzweckel.de\/index.php?rest_route=%2Fwp%2Fv2%2Ftags&post=14446"}],"curies":[{"name":"wp","href":"https:\/\/api.w.org\/{rel}","templated":true}]}}