{"id":14457,"date":"2022-03-20T18:30:56","date_gmt":"2022-03-20T17:30:56","guid":{"rendered":"https:\/\/www.svzweckel.de\/?p=14457"},"modified":"2022-03-20T18:30:56","modified_gmt":"2022-03-20T17:30:56","slug":"guido-naumann-und-der-sv-zweckel-trennen-sich-einvernehmlich","status":"publish","type":"post","link":"https:\/\/www.svzweckel.de\/?p=14457","title":{"rendered":"Guido Naumann und der SV Zweckel trennen sich einvernehmlich"},"content":{"rendered":"<p>Der Vorstand des SV Zweckel hat sich nach dem Spiel in H\u00fcls mit Trainer Guido Naumann zusammengesetzt und die aktuelle Lage\u00a0 analysiert. Beide Seiten kamen \u00fcbereinstimmend zu der Einsch\u00e4tzung, dass die Mannschaft aktuell noch einmal einen neuen Impuls ben\u00f6tigt.<\/p>\n<p>Dieser Impuls kann hoffentlich noch einmal durch einen neuen Trainer gesetzt werden, der in der kommenden Woche diese schwierige Herausforderung \u00fcbernehmen muss.<\/p>\n<p>Der SV Zweckel bedankt sich bei Guido Naumann f\u00fcr sein Engagement in den vergangenen Jahren und zollt ihm gro\u00dfen Respekt, dass er f\u00fcr den Verein die Zusammenarbeit vorzeitg beendet, um m\u00f6glicherweise noch den Bock umsto\u00dfen zu k\u00f6nnen.<\/p>\n<p>Der Vorstand befindet sich aktuell in Gespr\u00e4chen, um die restliche Saison mit einem neuen Trainer doch noch erfolgreich abschlie\u00dfen zu k\u00f6nnen.<\/p>\n","protected":false},"excerpt":{"rendered":"<p>Der Vorstand des SV Zweckel hat sich nach dem Spiel in H\u00fcls mit Trainer Guido Naumann zusammengesetzt und die aktuelle Lage\u00a0 analysiert. Beide Seiten kamen \u00fcbereinstimmend zu der Einsch\u00e4tzung, dass die Mannschaft aktuell noch einmal einen neuen Impuls ben\u00f6tigt. Dieser Impuls kann hoffentlich noch einmal durch einen neuen Trainer gesetzt werden, der in der kommenden [&hellip;]<\/p>\n","protected":false},"author":3,"featured_media":13807,"comment_status":"open","ping_status":"closed","sticky":false,"template":"","format":"standard","meta":{"_jetpack_memberships_contains_paid_content":false,"footnotes":"","jetpack_publicize_message":"","jetpack_publicize_feature_enabled":true,"jetpack_social_post_already_shared":false,"jetpack_social_options":{"image_generator_settings":{"template":"highway","default_image_id":0,"font":"","enabled":false},"version":2}},"categories":[2],"tags":[],"class_list":["post-14457","post","type-post","status-publish","format-standard","has-post-thumbnail","hentry","category-1-mannschaft"],"jetpack_publicize_connections":[],"jetpack_featured_media_url":"https:\/\/i0.wp.com\/www.svzweckel.de\/wp-content\/uploads\/2021\/07\/DSC00036.jpg?fit=800%2C533&ssl=1","jetpack_sharing_enabled":true,"_links":{"self":[{"href":"https:\/\/www.svzweckel.de\/index.php?rest_route=\/wp\/v2\/posts\/14457","targetHints":{"allow":["GET"]}}],"collection":[{"href":"https:\/\/www.svzweckel.de\/index.php?rest_route=\/wp\/v2\/posts"}],"about":[{"href":"https:\/\/www.svzweckel.de\/index.php?rest_route=\/wp\/v2\/types\/post"}],"author":[{"embeddable":true,"href":"https:\/\/www.svzweckel.de\/index.php?rest_route=\/wp\/v2\/users\/3"}],"replies":[{"embeddable":true,"href":"https:\/\/www.svzweckel.de\/index.php?rest_route=%2Fwp%2Fv2%2Fcomments&post=14457"}],"version-history":[{"count":0,"href":"https:\/\/www.svzweckel.de\/index.php?rest_route=\/wp\/v2\/posts\/14457\/revisions"}],"wp:featuredmedia":[{"embeddable":true,"href":"https:\/\/www.svzweckel.de\/index.php?rest_route=\/wp\/v2\/media\/13807"}],"wp:attachment":[{"href":"https:\/\/www.svzweckel.de\/index.php?rest_route=%2Fwp%2Fv2%2Fmedia&parent=14457"}],"wp:term":[{"taxonomy":"category","embeddable":true,"href":"https:\/\/www.svzweckel.de\/index.php?rest_route=%2Fwp%2Fv2%2Fcategories&post=14457"},{"taxonomy":"post_tag","embeddable":true,"href":"https:\/\/www.svzweckel.de\/index.php?rest_route=%2Fwp%2Fv2%2Ftags&post=14457"}],"curies":[{"name":"wp","href":"https:\/\/api.w.org\/{rel}","templated":true}]}}