{"id":14460,"date":"2022-03-22T13:46:06","date_gmt":"2022-03-22T12:46:06","guid":{"rendered":"https:\/\/www.svzweckel.de\/?p=14460"},"modified":"2022-03-22T13:46:06","modified_gmt":"2022-03-22T12:46:06","slug":"die-zweite-erkaempft-sich-das-glueck-zurueck","status":"publish","type":"post","link":"https:\/\/www.svzweckel.de\/?p=14460","title":{"rendered":"Die Zweite erk\u00e4mpft sich das Gl\u00fcck zur\u00fcck."},"content":{"rendered":"<p>SV Zweckel II &#8211; Genclerbirligi Resse 2:1 (1:1)<\/p>\n<p>Bereits in den letzten Partien gegen Horst 59 und BV Rentfort konnte man der Zweitvertretung des SV Zweckel ansehen, dass diese im Abstiegskampf noch l\u00e4ngst nicht aufgegeben haben. Sie k\u00e4mpften um jeden Ball und dominierten gr\u00f6\u00dftenteils das Geschehen.<br \/>\nDoch wie so oft in den letzten Monaten fehlte das Qu\u00e4ntchen Gl\u00fcck, sodass beide Partien erst kurz vor Schluss verloren wurden.<\/p>\n<p>Im Spiel gegen Genclerbirligi Resse drehte sich dieser Spie\u00df nun um. Bereits in der zehnten Spielminute konnte Silvio Don Vizor nach Kopfballvorlage von Philipp Frantzke zur fr\u00fchen F\u00fchrung einschieben.<br \/>\nSicherheit brachte diese F\u00fchrung aber wieder einmal nicht. In einer unansehnlichen und sehr zerfahrenen Partie konnte Resse noch vor der Halbzeit nach einem Konter ausgleichen.<\/p>\n<p>In der zweiten Halbzeit kontrollierte Zweckel das Geschehen. Hinten lie\u00df die Verteidigung nichts zu und offensiv warf man alles in die Waagschale. Zwei Aluminiumtreffer und weitere vergebene Chancen waren die Folge. Doch in der 81. Spielminute kehrte endlich das Gl\u00fcck zum SVZ. Den sch\u00f6nsten Angriff des Spiels schloss Haitham Mirza nach \u00fcberlegtem Zuspiel von Jakob Pleiss zur vielumjubelten F\u00fchrung ab.<br \/>\nDieses 2:1 lie\u00df man sich nun, im Gegensatz zu den vorherigen Monaten, nicht mehr nehmen.<\/p>\n<p>Mit neuem Mut und erhobener Brust geht die Mannschaft um Trainer Pfeng nun die restlichen Spiele an. Drei Punkte R\u00fcckstand auf den ersten Nichtabstiegsplatz gilt es noch einzuholen. Mit der geschlossenen Mannschaftsleistung der letzten Wochen erscheint dies m\u00f6glich.<\/p>\n<p>&nbsp;<\/p>\n","protected":false},"excerpt":{"rendered":"<p>SV Zweckel II &#8211; Genclerbirligi Resse 2:1 (1:1) Bereits in den letzten Partien gegen Horst 59 und BV Rentfort konnte man der Zweitvertretung des SV Zweckel ansehen, dass diese im Abstiegskampf noch l\u00e4ngst nicht aufgegeben haben. Sie k\u00e4mpften um jeden Ball und dominierten gr\u00f6\u00dftenteils das Geschehen. Doch wie so oft in den letzten Monaten fehlte [&hellip;]<\/p>\n","protected":false},"author":3,"featured_media":14461,"comment_status":"open","ping_status":"closed","sticky":false,"template":"","format":"standard","meta":{"_jetpack_memberships_contains_paid_content":false,"footnotes":"","jetpack_publicize_message":"","jetpack_publicize_feature_enabled":true,"jetpack_social_post_already_shared":false,"jetpack_social_options":{"image_generator_settings":{"template":"highway","default_image_id":0,"font":"","enabled":false},"version":2}},"categories":[20],"tags":[],"class_list":["post-14460","post","type-post","status-publish","format-standard","has-post-thumbnail","hentry","category-2-mannschaft"],"jetpack_publicize_connections":[],"jetpack_featured_media_url":"https:\/\/i0.wp.com\/www.svzweckel.de\/wp-content\/uploads\/2022\/03\/Zweite.jpeg?fit=800%2C450&ssl=1","jetpack_sharing_enabled":true,"_links":{"self":[{"href":"https:\/\/www.svzweckel.de\/index.php?rest_route=\/wp\/v2\/posts\/14460","targetHints":{"allow":["GET"]}}],"collection":[{"href":"https:\/\/www.svzweckel.de\/index.php?rest_route=\/wp\/v2\/posts"}],"about":[{"href":"https:\/\/www.svzweckel.de\/index.php?rest_route=\/wp\/v2\/types\/post"}],"author":[{"embeddable":true,"href":"https:\/\/www.svzweckel.de\/index.php?rest_route=\/wp\/v2\/users\/3"}],"replies":[{"embeddable":true,"href":"https:\/\/www.svzweckel.de\/index.php?rest_route=%2Fwp%2Fv2%2Fcomments&post=14460"}],"version-history":[{"count":0,"href":"https:\/\/www.svzweckel.de\/index.php?rest_route=\/wp\/v2\/posts\/14460\/revisions"}],"wp:featuredmedia":[{"embeddable":true,"href":"https:\/\/www.svzweckel.de\/index.php?rest_route=\/wp\/v2\/media\/14461"}],"wp:attachment":[{"href":"https:\/\/www.svzweckel.de\/index.php?rest_route=%2Fwp%2Fv2%2Fmedia&parent=14460"}],"wp:term":[{"taxonomy":"category","embeddable":true,"href":"https:\/\/www.svzweckel.de\/index.php?rest_route=%2Fwp%2Fv2%2Fcategories&post=14460"},{"taxonomy":"post_tag","embeddable":true,"href":"https:\/\/www.svzweckel.de\/index.php?rest_route=%2Fwp%2Fv2%2Ftags&post=14460"}],"curies":[{"name":"wp","href":"https:\/\/api.w.org\/{rel}","templated":true}]}}