{"id":14470,"date":"2022-03-22T14:06:21","date_gmt":"2022-03-22T13:06:21","guid":{"rendered":"https:\/\/www.svzweckel.de\/?p=14470"},"modified":"2022-03-22T14:06:21","modified_gmt":"2022-03-22T13:06:21","slug":"ins-derby-mit-neuem-trainer","status":"publish","type":"post","link":"https:\/\/www.svzweckel.de\/?p=14470","title":{"rendered":"Ins Derby mit neuem Trainer"},"content":{"rendered":"<p>Donnerstag, 24.03.22, 19:30 Uhr: SV Zweckel\u00a0 &#8211; VfB Kirchhellen<\/p>\n<p>Die hoffentlich zahlreichen Zuschauer d\u00fcrfen sich vermutlich auf eine interessante Partie freuen. Der SV Zweckel startet zum dritten Mal in seiner Trainerkarriere mit &#8222;Neu-Trainer&#8220; G\u00fcnter Appelt an der Seitenlinie, um das Unm\u00f6gliche noch m\u00f6glich zu machen.<\/p>\n<p>In der Nachholpartei geht es f\u00fcr beide Mannschaften um viel: Sowohl der SV Zweckel als auch der VfB Kirchhellen stecken mitten im Abstiegssumpf, wobei die G\u00e4ste immerhin vier Punkte mehr auf dem Konto haben als die Gastgeber. F\u00fcr Brisanz scheint also gesorgt zu sein. Der Gast ist in den letzten Wochen besser aus der Winterpause gekommen als die Schwarz-Gr\u00fcnen hat immerhin 4 Punkte in den vergangenen Spielen geholt. Au\u00dferdem schlug die Mannschaft im Pokla den Landesligisten SV Horst 08 im Elfmeterschie\u00dfen und befindet sich damit schon im Halbfinale.<\/p>\n<p>Am Donnerstagabend weden beide Mannschaften versuchen das Spiel zu gewinnen, um sich entweder weiter Richtung Mittelfeld abzusetzen oder aber an die Mitkonkurrenten heranzutasten. Zumindest eine Niederlage werden sicher beide Teams verhindern wollen.<\/p>\n<p>Fraglich ist, ob der Wechsel des Trainers von Gudio Naumann zu G\u00fcnter Appelt sich auf die Mannschaft und die Moral der Zweckeler schonauswirkt. Zu w\u00fcnschen ist es dem Team, denn den Auftritt vom letzten Sonntag sollten sie mit aller Macht vergessen machen.<\/p>\n<p>Der SV Zweckel erwartet bei gutem Wetter einige Zuschauer zu diesem Derby und bitte darum, dass die Fans etwas fr\u00fcher anreisen, um auch rechtzeitig auf die Anlage zu kommen. Au\u00dferdem sind bekannterma\u00dfen die Parkpl\u00e4tze begrenzt und Autofahrende m\u00fcssten trotzdem noch einen kleinen Fu\u00dfmarsch einplanen. Eventuell ist auch ein Gro\u00dfteil der Fans bereit mit dem Fahrrad anzureisen. Die Fahrra\u00e4der k\u00f6nnten auf dem Sportplatz an den Fahrradst\u00e4ndern oder von innen an der Au\u00dfenmauer abgestellt werden.<\/p>\n<p>Fu\u00dfg\u00e4nnger und Radfahrende d\u00fcrften au\u00dferdem nat\u00fcrlich auch noch eher dass einer oder andere Feierabendbier auf der Platzanlage zu sich nehmen.<\/p>\n<p>Trainer und Mannschaft des SV Zweckel haben in der ersten Trainingseinheit schon erkennen lassen, dass sie im kommenden Spiel gegen Kirchhellen alles geben werden und den Rasenplatz an der Dorstener Stra\u00dfe als Sieger verlassen m\u00f6chten.<\/p>\n<p>Wenn dann auch noch die Unterst\u00fctzung der treuen Heimfans dazu kommt, w\u00e4re ein Sieg am Ende des Spiels sicher m\u00f6glich.<\/p>\n","protected":false},"excerpt":{"rendered":"<p>Donnerstag, 24.03.22, 19:30 Uhr: SV Zweckel\u00a0 &#8211; VfB Kirchhellen Die hoffentlich zahlreichen Zuschauer d\u00fcrfen sich vermutlich auf eine interessante Partie freuen. Der SV Zweckel startet zum dritten Mal in seiner Trainerkarriere mit &#8222;Neu-Trainer&#8220; G\u00fcnter Appelt an der Seitenlinie, um das Unm\u00f6gliche noch m\u00f6glich zu machen. In der Nachholpartei geht es f\u00fcr beide Mannschaften um viel: [&hellip;]<\/p>\n","protected":false},"author":3,"featured_media":14472,"comment_status":"open","ping_status":"closed","sticky":false,"template":"","format":"standard","meta":{"_jetpack_memberships_contains_paid_content":false,"footnotes":"","jetpack_publicize_message":"","jetpack_publicize_feature_enabled":true,"jetpack_social_post_already_shared":false,"jetpack_social_options":{"image_generator_settings":{"template":"highway","default_image_id":0,"font":"","enabled":false},"version":2}},"categories":[3],"tags":[],"class_list":["post-14470","post","type-post","status-publish","format-standard","has-post-thumbnail","hentry","category-allgemein"],"jetpack_publicize_connections":[],"jetpack_featured_media_url":"https:\/\/i0.wp.com\/www.svzweckel.de\/wp-content\/uploads\/2022\/03\/DSC01520.jpg?fit=800%2C533&ssl=1","jetpack_sharing_enabled":true,"_links":{"self":[{"href":"https:\/\/www.svzweckel.de\/index.php?rest_route=\/wp\/v2\/posts\/14470","targetHints":{"allow":["GET"]}}],"collection":[{"href":"https:\/\/www.svzweckel.de\/index.php?rest_route=\/wp\/v2\/posts"}],"about":[{"href":"https:\/\/www.svzweckel.de\/index.php?rest_route=\/wp\/v2\/types\/post"}],"author":[{"embeddable":true,"href":"https:\/\/www.svzweckel.de\/index.php?rest_route=\/wp\/v2\/users\/3"}],"replies":[{"embeddable":true,"href":"https:\/\/www.svzweckel.de\/index.php?rest_route=%2Fwp%2Fv2%2Fcomments&post=14470"}],"version-history":[{"count":0,"href":"https:\/\/www.svzweckel.de\/index.php?rest_route=\/wp\/v2\/posts\/14470\/revisions"}],"wp:featuredmedia":[{"embeddable":true,"href":"https:\/\/www.svzweckel.de\/index.php?rest_route=\/wp\/v2\/media\/14472"}],"wp:attachment":[{"href":"https:\/\/www.svzweckel.de\/index.php?rest_route=%2Fwp%2Fv2%2Fmedia&parent=14470"}],"wp:term":[{"taxonomy":"category","embeddable":true,"href":"https:\/\/www.svzweckel.de\/index.php?rest_route=%2Fwp%2Fv2%2Fcategories&post=14470"},{"taxonomy":"post_tag","embeddable":true,"href":"https:\/\/www.svzweckel.de\/index.php?rest_route=%2Fwp%2Fv2%2Ftags&post=14470"}],"curies":[{"name":"wp","href":"https:\/\/api.w.org\/{rel}","templated":true}]}}