{"id":14493,"date":"2022-04-01T15:37:34","date_gmt":"2022-04-01T13:37:34","guid":{"rendered":"https:\/\/www.svzweckel.de\/?p=14493"},"modified":"2022-04-01T15:39:09","modified_gmt":"2022-04-01T13:39:09","slug":"trennung-von-perry-pfeng","status":"publish","type":"post","link":"https:\/\/www.svzweckel.de\/?p=14493","title":{"rendered":"Trennung von Perry Pfeng"},"content":{"rendered":"<p>Der SV Zweckel und Perry Pfeng, Trainer der 2. Mannschaft, gehen ab sofort getrennte Wege.<\/p>\n<p>Die 2. Mannschaft soll nach gemeinsamer Einsch\u00e4tzung des Vorstandes des SV Zweckel und von Perry Pfeng noch einmal einen neuen Impuls bekommen. Dieser wird hoffentlich dazu f\u00fchren, das die arg &#8222;gerupfte&#8220; Mannschaft es unter Regie eines neuen Trainers schaffen kann, den Abstieg aus der Kreisliga A zu verhindern.<\/p>\n<p>Der &#8222;Neue&#8220; wird am Freitagabend der Mannschaft vorgestellt und\u00a0 danach auch das erste Training vor dem sonnt\u00e4glichen Spiel gegen den VfL Grafenwald leiten. Anschlie\u00dfend wird der Verein die \u00d6ffentlichkeit informieren.<\/p>\n","protected":false},"excerpt":{"rendered":"<p>Der SV Zweckel und Perry Pfeng, Trainer der 2. Mannschaft, gehen ab sofort getrennte Wege. Die 2. Mannschaft soll nach gemeinsamer Einsch\u00e4tzung des Vorstandes des SV Zweckel und von Perry Pfeng noch einmal einen neuen Impuls bekommen. Dieser wird hoffentlich dazu f\u00fchren, das die arg &#8222;gerupfte&#8220; Mannschaft es unter Regie eines neuen Trainers schaffen kann, [&hellip;]<\/p>\n","protected":false},"author":3,"featured_media":13127,"comment_status":"open","ping_status":"closed","sticky":false,"template":"","format":"standard","meta":{"_jetpack_memberships_contains_paid_content":false,"footnotes":"","jetpack_publicize_message":"","jetpack_publicize_feature_enabled":true,"jetpack_social_post_already_shared":false,"jetpack_social_options":{"image_generator_settings":{"template":"highway","default_image_id":0,"font":"","enabled":false},"version":2}},"categories":[20],"tags":[],"class_list":["post-14493","post","type-post","status-publish","format-standard","has-post-thumbnail","hentry","category-2-mannschaft"],"jetpack_publicize_connections":[],"jetpack_featured_media_url":"https:\/\/i0.wp.com\/www.svzweckel.de\/wp-content\/uploads\/2020\/06\/Pfeng.jpeg?fit=800%2C600&ssl=1","jetpack_sharing_enabled":true,"_links":{"self":[{"href":"https:\/\/www.svzweckel.de\/index.php?rest_route=\/wp\/v2\/posts\/14493","targetHints":{"allow":["GET"]}}],"collection":[{"href":"https:\/\/www.svzweckel.de\/index.php?rest_route=\/wp\/v2\/posts"}],"about":[{"href":"https:\/\/www.svzweckel.de\/index.php?rest_route=\/wp\/v2\/types\/post"}],"author":[{"embeddable":true,"href":"https:\/\/www.svzweckel.de\/index.php?rest_route=\/wp\/v2\/users\/3"}],"replies":[{"embeddable":true,"href":"https:\/\/www.svzweckel.de\/index.php?rest_route=%2Fwp%2Fv2%2Fcomments&post=14493"}],"version-history":[{"count":0,"href":"https:\/\/www.svzweckel.de\/index.php?rest_route=\/wp\/v2\/posts\/14493\/revisions"}],"wp:featuredmedia":[{"embeddable":true,"href":"https:\/\/www.svzweckel.de\/index.php?rest_route=\/wp\/v2\/media\/13127"}],"wp:attachment":[{"href":"https:\/\/www.svzweckel.de\/index.php?rest_route=%2Fwp%2Fv2%2Fmedia&parent=14493"}],"wp:term":[{"taxonomy":"category","embeddable":true,"href":"https:\/\/www.svzweckel.de\/index.php?rest_route=%2Fwp%2Fv2%2Fcategories&post=14493"},{"taxonomy":"post_tag","embeddable":true,"href":"https:\/\/www.svzweckel.de\/index.php?rest_route=%2Fwp%2Fv2%2Ftags&post=14493"}],"curies":[{"name":"wp","href":"https:\/\/api.w.org\/{rel}","templated":true}]}}