{"id":14497,"date":"2022-04-01T20:44:56","date_gmt":"2022-04-01T18:44:56","guid":{"rendered":"https:\/\/www.svzweckel.de\/?p=14497"},"modified":"2022-04-01T20:44:56","modified_gmt":"2022-04-01T18:44:56","slug":"mike-theis-ist-der-neue-trainer-der-zweiten","status":"publish","type":"post","link":"https:\/\/www.svzweckel.de\/?p=14497","title":{"rendered":"Mike Theis ist der neue Trainer der Zweiten"},"content":{"rendered":"<p>Der SV Zweckel hat nach der Trennung von Perry Pfeng schnell reagiert und mit Mike Theis einen &#8222;alten&#8220; Zweckeler f\u00fcr die 2. Mannschaft verpflichtet. Am letzten Sonntag stand er noch als Trainer von Schwarz-Blau an der Linie in Rentfort. Da sich Mike Theis und Schwarz-Blau kurzfristig auf die vorzeitige Aufl\u00f6sung des Vertrages einigen konnten, war er f\u00fcr die Zweckeler frei und sagte sofort zu.<\/p>\n<p>Er wei\u00df um die schwierige Situation der Zweiten und ist zuversichtlich, mit neuem Schwung und vereinten Kr\u00e4ften den Abstieg aus der Kreisliga A noch verhindern zu k\u00f6nnen.<\/p>\n","protected":false},"excerpt":{"rendered":"<p>Der SV Zweckel hat nach der Trennung von Perry Pfeng schnell reagiert und mit Mike Theis einen &#8222;alten&#8220; Zweckeler f\u00fcr die 2. Mannschaft verpflichtet. Am letzten Sonntag stand er noch als Trainer von Schwarz-Blau an der Linie in Rentfort. Da sich Mike Theis und Schwarz-Blau kurzfristig auf die vorzeitige Aufl\u00f6sung des Vertrages einigen konnten, war [&hellip;]<\/p>\n","protected":false},"author":3,"featured_media":9190,"comment_status":"open","ping_status":"closed","sticky":false,"template":"","format":"standard","meta":{"_jetpack_memberships_contains_paid_content":false,"footnotes":"","jetpack_publicize_message":"","jetpack_publicize_feature_enabled":true,"jetpack_social_post_already_shared":false,"jetpack_social_options":{"image_generator_settings":{"template":"highway","default_image_id":0,"font":"","enabled":false},"version":2}},"categories":[20],"tags":[],"class_list":["post-14497","post","type-post","status-publish","format-standard","has-post-thumbnail","hentry","category-2-mannschaft"],"jetpack_publicize_connections":[],"jetpack_featured_media_url":"https:\/\/i0.wp.com\/www.svzweckel.de\/wp-content\/uploads\/2017\/10\/picture-146275934.jpg?fit=640%2C306&ssl=1","jetpack_sharing_enabled":true,"_links":{"self":[{"href":"https:\/\/www.svzweckel.de\/index.php?rest_route=\/wp\/v2\/posts\/14497","targetHints":{"allow":["GET"]}}],"collection":[{"href":"https:\/\/www.svzweckel.de\/index.php?rest_route=\/wp\/v2\/posts"}],"about":[{"href":"https:\/\/www.svzweckel.de\/index.php?rest_route=\/wp\/v2\/types\/post"}],"author":[{"embeddable":true,"href":"https:\/\/www.svzweckel.de\/index.php?rest_route=\/wp\/v2\/users\/3"}],"replies":[{"embeddable":true,"href":"https:\/\/www.svzweckel.de\/index.php?rest_route=%2Fwp%2Fv2%2Fcomments&post=14497"}],"version-history":[{"count":0,"href":"https:\/\/www.svzweckel.de\/index.php?rest_route=\/wp\/v2\/posts\/14497\/revisions"}],"wp:featuredmedia":[{"embeddable":true,"href":"https:\/\/www.svzweckel.de\/index.php?rest_route=\/wp\/v2\/media\/9190"}],"wp:attachment":[{"href":"https:\/\/www.svzweckel.de\/index.php?rest_route=%2Fwp%2Fv2%2Fmedia&parent=14497"}],"wp:term":[{"taxonomy":"category","embeddable":true,"href":"https:\/\/www.svzweckel.de\/index.php?rest_route=%2Fwp%2Fv2%2Fcategories&post=14497"},{"taxonomy":"post_tag","embeddable":true,"href":"https:\/\/www.svzweckel.de\/index.php?rest_route=%2Fwp%2Fv2%2Ftags&post=14497"}],"curies":[{"name":"wp","href":"https:\/\/api.w.org\/{rel}","templated":true}]}}