{"id":14517,"date":"2022-04-05T09:47:30","date_gmt":"2022-04-05T07:47:30","guid":{"rendered":"https:\/\/www.svzweckel.de\/?p=14517"},"modified":"2022-04-05T14:15:11","modified_gmt":"2022-04-05T12:15:11","slug":"knappe-niederlage-beim-einstand","status":"publish","type":"post","link":"https:\/\/www.svzweckel.de\/?p=14517","title":{"rendered":"Knappe Niederlage beim Einstand"},"content":{"rendered":"<p>SV Zweckel &#8211; VfL Grafenwald 0:1 (0:1)<\/p>\n<p>Der alte &#8222;Neu-Trainer&#8220; des SV Zweckel Mike Theis musste im ersten Pflichtspiel nach seiner R\u00fcckkehr an die Zweckeler Seitenlinie mit der Zweiten eine knappe Niederlage einstecken. Das alte Manko der Mannschaft konnte auch unter seiner Regie nicht abgelegt werden, so dass die Schwarz-Gr\u00fcnen wieder einmal keinen Treffer erzielten.<\/p>\n<p>Leider belohnte sich die Mannschaft, die in der 34. Minute in R\u00fcckstand geriet, nicht und verlor das Spiel mit dem knappsten aller Ergebnisse. Beste Torchancen &#8211; auch aus kurzer Distanz &#8211; konnten nicht verwertet werden, so dass der Heimmannschaft ein m\u00f6glicher Punktgewinn verwehrt blieb.<\/p>\n<p>Die Art und Weise, wie die Mannschaft jedoch aufgetreten ist, l\u00e4sst f\u00fcr zuk\u00fcnftige Spiele hoffen, denn mit Herz und Kampfkraft zeigten die Zweckeler, dass sie sich noch lange nicht aufgegeben haben und im Abstiegskampf alles geben werden, um noch einen Tabellenplatz nach oben zu klettern. Positiv hervorzuheben ist ebenfalls, dass der Kader am Sonntag immerhin aus 15 Spielern bestand, wobei diesmal auch zwei A-Junioren, die nach dem 01.04. f\u00fcr die Senioren spielberechtigt sind, ausgeholfen haben.<\/p>\n","protected":false},"excerpt":{"rendered":"<p>SV Zweckel &#8211; VfL Grafenwald 0:1 (0:1) Der alte &#8222;Neu-Trainer&#8220; des SV Zweckel Mike Theis musste im ersten Pflichtspiel nach seiner R\u00fcckkehr an die Zweckeler Seitenlinie mit der Zweiten eine knappe Niederlage einstecken. Das alte Manko der Mannschaft konnte auch unter seiner Regie nicht abgelegt werden, so dass die Schwarz-Gr\u00fcnen wieder einmal keinen Treffer erzielten. [&hellip;]<\/p>\n","protected":false},"author":3,"featured_media":13461,"comment_status":"open","ping_status":"closed","sticky":false,"template":"","format":"standard","meta":{"_jetpack_memberships_contains_paid_content":false,"footnotes":"","jetpack_publicize_message":"","jetpack_publicize_feature_enabled":true,"jetpack_social_post_already_shared":false,"jetpack_social_options":{"image_generator_settings":{"template":"highway","default_image_id":0,"font":"","enabled":false},"version":2}},"categories":[20],"tags":[],"class_list":["post-14517","post","type-post","status-publish","format-standard","has-post-thumbnail","hentry","category-2-mannschaft"],"jetpack_publicize_connections":[],"jetpack_featured_media_url":"https:\/\/i0.wp.com\/www.svzweckel.de\/wp-content\/uploads\/2020\/09\/wp-16001054107067522645288269172396.jpg?fit=1600%2C1200&ssl=1","jetpack_sharing_enabled":true,"_links":{"self":[{"href":"https:\/\/www.svzweckel.de\/index.php?rest_route=\/wp\/v2\/posts\/14517","targetHints":{"allow":["GET"]}}],"collection":[{"href":"https:\/\/www.svzweckel.de\/index.php?rest_route=\/wp\/v2\/posts"}],"about":[{"href":"https:\/\/www.svzweckel.de\/index.php?rest_route=\/wp\/v2\/types\/post"}],"author":[{"embeddable":true,"href":"https:\/\/www.svzweckel.de\/index.php?rest_route=\/wp\/v2\/users\/3"}],"replies":[{"embeddable":true,"href":"https:\/\/www.svzweckel.de\/index.php?rest_route=%2Fwp%2Fv2%2Fcomments&post=14517"}],"version-history":[{"count":0,"href":"https:\/\/www.svzweckel.de\/index.php?rest_route=\/wp\/v2\/posts\/14517\/revisions"}],"wp:featuredmedia":[{"embeddable":true,"href":"https:\/\/www.svzweckel.de\/index.php?rest_route=\/wp\/v2\/media\/13461"}],"wp:attachment":[{"href":"https:\/\/www.svzweckel.de\/index.php?rest_route=%2Fwp%2Fv2%2Fmedia&parent=14517"}],"wp:term":[{"taxonomy":"category","embeddable":true,"href":"https:\/\/www.svzweckel.de\/index.php?rest_route=%2Fwp%2Fv2%2Fcategories&post=14517"},{"taxonomy":"post_tag","embeddable":true,"href":"https:\/\/www.svzweckel.de\/index.php?rest_route=%2Fwp%2Fv2%2Ftags&post=14517"}],"curies":[{"name":"wp","href":"https:\/\/api.w.org\/{rel}","templated":true}]}}