{"id":14580,"date":"2022-04-13T21:05:16","date_gmt":"2022-04-13T19:05:16","guid":{"rendered":"https:\/\/www.svzweckel.de\/?p=14580"},"modified":"2022-04-13T21:05:16","modified_gmt":"2022-04-13T19:05:16","slug":"derby-gegen-preussen","status":"publish","type":"post","link":"https:\/\/www.svzweckel.de\/?p=14580","title":{"rendered":"Derby gegen Preu\u00dfen"},"content":{"rendered":"<p>Donnerstag, 14.04.22, 19:00 Uhr: SV Zweckel &#8211; SG Preu\u00dfen<\/p>\n<p>Am Donnerstag treffen im K\u00e4fig zwei Mannschaften aus Gladbeck aufeinander, die in den letzten Wochen kaum gepunktet haben. W\u00e4hrend die Zweckeler zumindest noch knappe Ergebnisse und einen Sieg einfuhren, warten die Preu\u00dfen im neuen Jahr noch immer auf den ersten Sieg.<\/p>\n<p>F\u00fcr Trainer Mike Theis wird das Spiel eine weitere Herausforderung, denn er muss zumindest auf die drei Spieler, die am letzten Sonntag in der Ersten ausgeholfe haben, verzichten. Diese m\u00fcssen eine f\u00fcnft\u00e4gige Schutzfrist einhalten, um der Zweiten wieder zur Verf\u00fcgung zu stehen. Insofern werden alle spielf\u00e4higen Kr\u00e4fte aktiviert, um den Preu\u00dfen Paroli bieten zu k\u00f6nnen.<\/p>\n<p>&nbsp;<\/p>\n","protected":false},"excerpt":{"rendered":"<p>Donnerstag, 14.04.22, 19:00 Uhr: SV Zweckel &#8211; SG Preu\u00dfen Am Donnerstag treffen im K\u00e4fig zwei Mannschaften aus Gladbeck aufeinander, die in den letzten Wochen kaum gepunktet haben. W\u00e4hrend die Zweckeler zumindest noch knappe Ergebnisse und einen Sieg einfuhren, warten die Preu\u00dfen im neuen Jahr noch immer auf den ersten Sieg. F\u00fcr Trainer Mike Theis wird [&hellip;]<\/p>\n","protected":false},"author":3,"featured_media":13314,"comment_status":"open","ping_status":"closed","sticky":false,"template":"","format":"standard","meta":{"_jetpack_memberships_contains_paid_content":false,"footnotes":"","jetpack_publicize_message":"","jetpack_publicize_feature_enabled":true,"jetpack_social_post_already_shared":false,"jetpack_social_options":{"image_generator_settings":{"template":"highway","default_image_id":0,"font":"","enabled":false},"version":2}},"categories":[20],"tags":[],"class_list":["post-14580","post","type-post","status-publish","format-standard","has-post-thumbnail","hentry","category-2-mannschaft"],"jetpack_publicize_connections":[],"jetpack_featured_media_url":"https:\/\/i0.wp.com\/www.svzweckel.de\/wp-content\/uploads\/2020\/08\/wp-15980442861076365009520244334325-scaled.jpg?fit=2560%2C1440&ssl=1","jetpack_sharing_enabled":true,"_links":{"self":[{"href":"https:\/\/www.svzweckel.de\/index.php?rest_route=\/wp\/v2\/posts\/14580","targetHints":{"allow":["GET"]}}],"collection":[{"href":"https:\/\/www.svzweckel.de\/index.php?rest_route=\/wp\/v2\/posts"}],"about":[{"href":"https:\/\/www.svzweckel.de\/index.php?rest_route=\/wp\/v2\/types\/post"}],"author":[{"embeddable":true,"href":"https:\/\/www.svzweckel.de\/index.php?rest_route=\/wp\/v2\/users\/3"}],"replies":[{"embeddable":true,"href":"https:\/\/www.svzweckel.de\/index.php?rest_route=%2Fwp%2Fv2%2Fcomments&post=14580"}],"version-history":[{"count":0,"href":"https:\/\/www.svzweckel.de\/index.php?rest_route=\/wp\/v2\/posts\/14580\/revisions"}],"wp:featuredmedia":[{"embeddable":true,"href":"https:\/\/www.svzweckel.de\/index.php?rest_route=\/wp\/v2\/media\/13314"}],"wp:attachment":[{"href":"https:\/\/www.svzweckel.de\/index.php?rest_route=%2Fwp%2Fv2%2Fmedia&parent=14580"}],"wp:term":[{"taxonomy":"category","embeddable":true,"href":"https:\/\/www.svzweckel.de\/index.php?rest_route=%2Fwp%2Fv2%2Fcategories&post=14580"},{"taxonomy":"post_tag","embeddable":true,"href":"https:\/\/www.svzweckel.de\/index.php?rest_route=%2Fwp%2Fv2%2Ftags&post=14580"}],"curies":[{"name":"wp","href":"https:\/\/api.w.org\/{rel}","templated":true}]}}