{"id":14582,"date":"2022-04-15T16:14:21","date_gmt":"2022-04-15T14:14:21","guid":{"rendered":"https:\/\/www.svzweckel.de\/?p=14582"},"modified":"2022-04-15T16:14:53","modified_gmt":"2022-04-15T14:14:53","slug":"unglueckliches-remis-fuer-die-zweite","status":"publish","type":"post","link":"https:\/\/www.svzweckel.de\/?p=14582","title":{"rendered":"Ungl\u00fcckliches Remis f\u00fcr die Zweite"},"content":{"rendered":"<p>SV Zweckel II &#8211; SG Preu\u00dfen Gladbeck 1:1 (1:0)<\/p>\n<p>Die Zweite hat gegen die favorisierten Preu\u00dfen ein tolles Spiel gezeigt. Leider standen am Ende nicht die verdienten drei Punkte, sondern die G\u00e4ste konnten wenige Minuten vor Schluss noch den mehr als gl\u00fccklichen Ausgleich erzielen.<\/p>\n<p>Die Gastgeber mussten auf Grund der 5-Tage-Schutzfrist noch auf drei Spieler, die am letzten Sonntag die Erste verst\u00e4rkt hatten, verzichten. Daf\u00fcr konnte die Erste mit Jonas Gerfen, der nach \u00fcberstandener Krankheit wieder zur Verf\u00fcgung stand und Marlon Boris, der gegen Westfalia Gelsenkirchen gelbgesperrt war, unterst\u00fctzen. Hinzu kamen noch die beiden A-Junioren Paul Wingartz und Justin Wienert und Unterst\u00fctzung aus den Alten Herren.<\/p>\n<p>Nur zwei Minuten nach seiner Einwechselung erzielte Justin Wienert die mehr als verdiente F\u00fchrung f\u00fcr die starken Zweckeler. Sie Schwarz-Gr\u00fcnen spielten weiter nach vorne und wollten die F\u00fchrung ausbauen. Die Preu\u00dfen hatten w\u00e4hrend des gesamten Spiels nicht viel entgegenzusetzen und kamen nur selten vor das Zweckeler Tor.<br \/>\nAuch in der zweiten Halbzeit hatten die Zweckeler noch gute Gelegenheiten die F\u00fchrung auszubauen, vers\u00e4umten allerdings die Vorentscheidung.<\/p>\n<p>So kamen die G\u00e4ste in der 87. Minute zum Ausgleich und nahmen den Zweckelern den Sieg kurz vor Spielende noch aus der Hand. Wie schon gegen Grafenwald war die k\u00e4mpferische Leistung der Zweckeler \u00fcberragend und mit \u00e4hnlichen Leistungen wird die Mannschaft hoffentlich noch die fehlenden Punkte im Abstiegskampf holen.<\/p>\n","protected":false},"excerpt":{"rendered":"<p>SV Zweckel II &#8211; SG Preu\u00dfen Gladbeck 1:1 (1:0) Die Zweite hat gegen die favorisierten Preu\u00dfen ein tolles Spiel gezeigt. Leider standen am Ende nicht die verdienten drei Punkte, sondern die G\u00e4ste konnten wenige Minuten vor Schluss noch den mehr als gl\u00fccklichen Ausgleich erzielen. Die Gastgeber mussten auf Grund der 5-Tage-Schutzfrist noch auf drei Spieler, [&hellip;]<\/p>\n","protected":false},"author":3,"featured_media":14585,"comment_status":"open","ping_status":"closed","sticky":false,"template":"","format":"standard","meta":{"_jetpack_memberships_contains_paid_content":false,"footnotes":"","jetpack_publicize_message":"","jetpack_publicize_feature_enabled":true,"jetpack_social_post_already_shared":false,"jetpack_social_options":{"image_generator_settings":{"template":"highway","default_image_id":0,"font":"","enabled":false},"version":2}},"categories":[20],"tags":[],"class_list":["post-14582","post","type-post","status-publish","format-standard","has-post-thumbnail","hentry","category-2-mannschaft"],"jetpack_publicize_connections":[],"jetpack_featured_media_url":"https:\/\/i0.wp.com\/www.svzweckel.de\/wp-content\/uploads\/2022\/04\/wp-16500321483133484391991072770014.jpg?fit=2048%2C1536&ssl=1","jetpack_sharing_enabled":true,"_links":{"self":[{"href":"https:\/\/www.svzweckel.de\/index.php?rest_route=\/wp\/v2\/posts\/14582","targetHints":{"allow":["GET"]}}],"collection":[{"href":"https:\/\/www.svzweckel.de\/index.php?rest_route=\/wp\/v2\/posts"}],"about":[{"href":"https:\/\/www.svzweckel.de\/index.php?rest_route=\/wp\/v2\/types\/post"}],"author":[{"embeddable":true,"href":"https:\/\/www.svzweckel.de\/index.php?rest_route=\/wp\/v2\/users\/3"}],"replies":[{"embeddable":true,"href":"https:\/\/www.svzweckel.de\/index.php?rest_route=%2Fwp%2Fv2%2Fcomments&post=14582"}],"version-history":[{"count":0,"href":"https:\/\/www.svzweckel.de\/index.php?rest_route=\/wp\/v2\/posts\/14582\/revisions"}],"wp:featuredmedia":[{"embeddable":true,"href":"https:\/\/www.svzweckel.de\/index.php?rest_route=\/wp\/v2\/media\/14585"}],"wp:attachment":[{"href":"https:\/\/www.svzweckel.de\/index.php?rest_route=%2Fwp%2Fv2%2Fmedia&parent=14582"}],"wp:term":[{"taxonomy":"category","embeddable":true,"href":"https:\/\/www.svzweckel.de\/index.php?rest_route=%2Fwp%2Fv2%2Fcategories&post=14582"},{"taxonomy":"post_tag","embeddable":true,"href":"https:\/\/www.svzweckel.de\/index.php?rest_route=%2Fwp%2Fv2%2Ftags&post=14582"}],"curies":[{"name":"wp","href":"https:\/\/api.w.org\/{rel}","templated":true}]}}