{"id":14588,"date":"2022-04-15T16:37:35","date_gmt":"2022-04-15T14:37:35","guid":{"rendered":"https:\/\/www.svzweckel.de\/?p=14588"},"modified":"2022-04-15T17:50:13","modified_gmt":"2022-04-15T15:50:13","slug":"ostermontag-in-kirchhellen","status":"publish","type":"post","link":"https:\/\/www.svzweckel.de\/?p=14588","title":{"rendered":"Ostermontag in Kirchhellen"},"content":{"rendered":"<p>Ostermontag, 18.04.22, 13:00 Uhr: VfB Kirchhellen II &#8211; SV Zweckel II<\/p>\n<p>Nach dem Unentschieden gegen Preu\u00dfen Gladbeck am Gr\u00fcndonnerstag m\u00fcssen die Zweckeler auch am Ostermontag ran. Die Schwarz-Gr\u00fcnen reisen nach Kirchhellen zum Derby auf dem Kunstrasenplatz an der Loewenfeldstra\u00dfe.<\/p>\n<p>Nach den letzten beiden starken Auftritten der Zweckeler reisen sie nicht chancenlos zur Zweiten nach Kirchhellen, denn am Ostermontag kann Trainer Mike Theis endlich einmal aus dem Vollen sch\u00f6pfen. Dem Kader werden am Montag auch die nach Ablegung Schutzfrist wieder spielberechtigten Spieler angeh\u00f6ren.<\/p>\n<p>Sollten die Zweckeler eine \u00e4hnlich engagierte Leistung wie in den vergangenen beiden Spielen zeigen, k\u00f6nnte am Ende endlich mal wieder ein Dreier zu Buche schlagen.<\/p>\n","protected":false},"excerpt":{"rendered":"<p>Ostermontag, 18.04.22, 13:00 Uhr: VfB Kirchhellen II &#8211; SV Zweckel II Nach dem Unentschieden gegen Preu\u00dfen Gladbeck am Gr\u00fcndonnerstag m\u00fcssen die Zweckeler auch am Ostermontag ran. Die Schwarz-Gr\u00fcnen reisen nach Kirchhellen zum Derby auf dem Kunstrasenplatz an der Loewenfeldstra\u00dfe. Nach den letzten beiden starken Auftritten der Zweckeler reisen sie nicht chancenlos zur Zweiten nach Kirchhellen, [&hellip;]<\/p>\n","protected":false},"author":3,"featured_media":14589,"comment_status":"open","ping_status":"closed","sticky":false,"template":"","format":"standard","meta":{"_jetpack_memberships_contains_paid_content":false,"footnotes":"","jetpack_publicize_message":"","jetpack_publicize_feature_enabled":true,"jetpack_social_post_already_shared":false,"jetpack_social_options":{"image_generator_settings":{"template":"highway","default_image_id":0,"font":"","enabled":false},"version":2}},"categories":[20],"tags":[],"class_list":["post-14588","post","type-post","status-publish","format-standard","has-post-thumbnail","hentry","category-2-mannschaft"],"jetpack_publicize_connections":[],"jetpack_featured_media_url":"https:\/\/i0.wp.com\/www.svzweckel.de\/wp-content\/uploads\/2022\/04\/wp-16500325939467772853804900832672.jpg?fit=2048%2C1536&ssl=1","jetpack_sharing_enabled":true,"_links":{"self":[{"href":"https:\/\/www.svzweckel.de\/index.php?rest_route=\/wp\/v2\/posts\/14588","targetHints":{"allow":["GET"]}}],"collection":[{"href":"https:\/\/www.svzweckel.de\/index.php?rest_route=\/wp\/v2\/posts"}],"about":[{"href":"https:\/\/www.svzweckel.de\/index.php?rest_route=\/wp\/v2\/types\/post"}],"author":[{"embeddable":true,"href":"https:\/\/www.svzweckel.de\/index.php?rest_route=\/wp\/v2\/users\/3"}],"replies":[{"embeddable":true,"href":"https:\/\/www.svzweckel.de\/index.php?rest_route=%2Fwp%2Fv2%2Fcomments&post=14588"}],"version-history":[{"count":0,"href":"https:\/\/www.svzweckel.de\/index.php?rest_route=\/wp\/v2\/posts\/14588\/revisions"}],"wp:featuredmedia":[{"embeddable":true,"href":"https:\/\/www.svzweckel.de\/index.php?rest_route=\/wp\/v2\/media\/14589"}],"wp:attachment":[{"href":"https:\/\/www.svzweckel.de\/index.php?rest_route=%2Fwp%2Fv2%2Fmedia&parent=14588"}],"wp:term":[{"taxonomy":"category","embeddable":true,"href":"https:\/\/www.svzweckel.de\/index.php?rest_route=%2Fwp%2Fv2%2Fcategories&post=14588"},{"taxonomy":"post_tag","embeddable":true,"href":"https:\/\/www.svzweckel.de\/index.php?rest_route=%2Fwp%2Fv2%2Ftags&post=14588"}],"curies":[{"name":"wp","href":"https:\/\/api.w.org\/{rel}","templated":true}]}}