{"id":14683,"date":"2022-05-15T21:42:04","date_gmt":"2022-05-15T19:42:04","guid":{"rendered":"https:\/\/www.svzweckel.de\/?p=14683"},"modified":"2022-05-15T21:42:06","modified_gmt":"2022-05-15T19:42:06","slug":"berufungsentscheidung-steht-immer-noch-aus","status":"publish","type":"post","link":"https:\/\/www.svzweckel.de\/?p=14683","title":{"rendered":"Berufungsentscheidung steht immer noch aus"},"content":{"rendered":"\n<p>Wie in dem <a rel=\"noreferrer noopener\" href=\"https:\/\/www.svzweckel.de\/?p=14610\" target=\"_blank\">Artikel vom 26. April<\/a> bereits erl\u00e4utert, wartet der SV Zweckel immer noch auf eine endg\u00fcltige Entscheidung des Verbands-Sportgerichts bez\u00fcglich einer Berufung zum &#8222;unrechtm\u00e4\u00dfigen&#8220; Einsatz eines Spielers im Ausw\u00e4rtsspiel bei den SF Stuckenbusch.<\/p>\n\n\n\n<p>In einer derart engen Abstiegssituation ist es nicht nur f\u00fcr den SV Zweckel verwunderlich, dass das zust\u00e4ndige Rechtsorgan des FLVW sich so lange Zeit mit einer Entscheidung l\u00e4sst. <\/p>\n\n\n\n<p>Dem SV Zweckel wurde das &#8222;fehlerhafte&#8220; Urteil des Berzirkssportgerichtes am 24. April schriftlich mitgeteilt. Einen Tag sp\u00e4ter wurden mit dem zust\u00e4ndigen Richter noch Fragen zum Urteil gekl\u00e4rt, denn der Jurist hatte leider einen Passus falsch zitiert. Dieses hat er auf schriftliche Nachfrage auch best\u00e4tigt. Nur einen Tage sp\u00e4ter hat der SV Zweckel ein achtseitiges Berufungsschreiben an die zust\u00e4ndige Kammer (Bezirkssportgericht) \u00fcberwiesen. Die Berufungsfrist wurde durch den SV Zweckel dadurch deutlich verk\u00fcrzt, denn eigentlich h\u00e4tte der Verein 14 Tage Zeit f\u00fcr die Berufung in Anspruch nehmen k\u00f6nnen. Damit hat der SV Zweckel das Verfahren im Sinne eines fairen Wettkampfs in der Bezirksliga deutlich beschleunigt.<\/p>\n\n\n\n<p>Leider ist die Berufung mindestens bis zum 04. Mai nicht an das Verbands-Sportgericht weitergeleitet worden. Das hat sich allerdings erst nach R\u00fccksprache zwischen dem SV Zweckel und dem vorsitzenden Richter ergeben, der von dem Verfahren bis dato noch keine Kenntnis hatte.<\/p>\n\n\n\n<p>Nach Auskunft durch den Staffelleiter, der ebenso wie einige Vereine der Bezirksliga in dieser Angelegenheit auf hei\u00dfen Kohlen sitzt, soll die Entscheidung in der kommenden Woche fallen.<\/p>\n\n\n\n<p>Der SV Zweckel hofft nat\u00fcrlich weiterhin auf die Berufung durch das Verbands-Sportgericht, denn nach Auffassung der Schwarz-Gr\u00fcnen ist das Urteil in mehreren Punkten nicht rechtm\u00e4\u00dfig.<\/p>\n","protected":false},"excerpt":{"rendered":"<p>Wie in dem Artikel vom 26. April bereits erl\u00e4utert, wartet der SV Zweckel immer noch auf eine endg\u00fcltige Entscheidung des Verbands-Sportgerichts bez\u00fcglich einer Berufung zum &#8222;unrechtm\u00e4\u00dfigen&#8220; Einsatz eines Spielers im Ausw\u00e4rtsspiel bei den SF Stuckenbusch. In einer derart engen Abstiegssituation ist es nicht nur f\u00fcr den SV Zweckel verwunderlich, dass das zust\u00e4ndige Rechtsorgan des FLVW [&hellip;]<\/p>\n","protected":false},"author":3,"featured_media":14627,"comment_status":"open","ping_status":"closed","sticky":false,"template":"","format":"standard","meta":{"_jetpack_memberships_contains_paid_content":false,"footnotes":"","jetpack_publicize_message":"","jetpack_publicize_feature_enabled":true,"jetpack_social_post_already_shared":false,"jetpack_social_options":{"image_generator_settings":{"template":"highway","default_image_id":0,"font":"","enabled":false},"version":2}},"categories":[2],"tags":[],"class_list":["post-14683","post","type-post","status-publish","format-standard","has-post-thumbnail","hentry","category-1-mannschaft"],"jetpack_publicize_connections":[],"jetpack_featured_media_url":"https:\/\/i0.wp.com\/www.svzweckel.de\/wp-content\/uploads\/2022\/05\/file7kt2511fexuxp4vc5d8.jpg?fit=640%2C480&ssl=1","jetpack_sharing_enabled":true,"_links":{"self":[{"href":"https:\/\/www.svzweckel.de\/index.php?rest_route=\/wp\/v2\/posts\/14683","targetHints":{"allow":["GET"]}}],"collection":[{"href":"https:\/\/www.svzweckel.de\/index.php?rest_route=\/wp\/v2\/posts"}],"about":[{"href":"https:\/\/www.svzweckel.de\/index.php?rest_route=\/wp\/v2\/types\/post"}],"author":[{"embeddable":true,"href":"https:\/\/www.svzweckel.de\/index.php?rest_route=\/wp\/v2\/users\/3"}],"replies":[{"embeddable":true,"href":"https:\/\/www.svzweckel.de\/index.php?rest_route=%2Fwp%2Fv2%2Fcomments&post=14683"}],"version-history":[{"count":0,"href":"https:\/\/www.svzweckel.de\/index.php?rest_route=\/wp\/v2\/posts\/14683\/revisions"}],"wp:featuredmedia":[{"embeddable":true,"href":"https:\/\/www.svzweckel.de\/index.php?rest_route=\/wp\/v2\/media\/14627"}],"wp:attachment":[{"href":"https:\/\/www.svzweckel.de\/index.php?rest_route=%2Fwp%2Fv2%2Fmedia&parent=14683"}],"wp:term":[{"taxonomy":"category","embeddable":true,"href":"https:\/\/www.svzweckel.de\/index.php?rest_route=%2Fwp%2Fv2%2Fcategories&post=14683"},{"taxonomy":"post_tag","embeddable":true,"href":"https:\/\/www.svzweckel.de\/index.php?rest_route=%2Fwp%2Fv2%2Ftags&post=14683"}],"curies":[{"name":"wp","href":"https:\/\/api.w.org\/{rel}","templated":true}]}}