{"id":14690,"date":"2022-05-20T10:47:18","date_gmt":"2022-05-20T08:47:18","guid":{"rendered":"https:\/\/www.svzweckel.de\/?p=14690"},"modified":"2022-05-20T10:47:20","modified_gmt":"2022-05-20T08:47:20","slug":"weiteres-endspiel-in-marl","status":"publish","type":"post","link":"https:\/\/www.svzweckel.de\/?p=14690","title":{"rendered":"Weiteres Endspiel in Marl"},"content":{"rendered":"\n<p>Sonntag, 20.05.22, 15:00 Uhr: FC Marl &#8211; SV Zweckel<\/p>\n\n\n\n<p>Nach der Niederlage gegen Vestia Disteln m\u00fcssen die Zweckeler nun gegen ein weiteres Spitzenteam der Liga ran. Der FC Marl, Tabellenzweiter der Bezirksliga, hat in der laufenden Saison erst drei Spiele verloren. Das wird f\u00fcr den SV Zweckel somit alles andere als eine leichte Aufgabe. Trotzdem k\u00f6nnen die Schwarz-Gr\u00fcnen aus dem 3:5 gegen Disteln zumindest die Erfahrung mitnehmen, dass auch gegen Spitzenteams aus der Liga Tore erzielt werden k\u00f6nnen. <\/p>\n\n\n\n<p>Das Hinspiel fand aufgrund des gesperrten Rasenplatzes erst am 06.02.22 auf dem Kunstrasenplatz von Preu\u00dfen Gladbeck statt und ging mit 1:3 sehr ungl\u00fccklich verloren. Die Zweckeler hatten auch dort einige Gelegenheiten ausgelassen und durch zwei individuelle Fehler in der zweiten Halbzeit zwei Gegentreffer bekommen.<\/p>\n\n\n\n<p>Das darf nat\u00fcrlich am kommenden Sonntag in Marl nicht passieren, denn der SV Zweckel ben\u00f6tigt jeden Punkt im Kampf gegen den Abstieg.<\/p>\n\n\n\n<p>Trainer G\u00fcnter Appelt muss sein Team wieder einmal umstellen, da mit Julius Wloch (Gelbsperre), Maurice Ogaza und Marcel Ofiera mindestens drei Akteure neben dem l\u00e4nger verletzten Kapit\u00e4n Sebastian Hagemeister nicht zur Verf\u00fcgung stehen. <\/p>\n\n\n\n<p>Adresse: FC Marl, Hagenstra\u00dfe 15, 45768 Marl<\/p>\n","protected":false},"excerpt":{"rendered":"<p>Sonntag, 20.05.22, 15:00 Uhr: FC Marl &#8211; SV Zweckel Nach der Niederlage gegen Vestia Disteln m\u00fcssen die Zweckeler nun gegen ein weiteres Spitzenteam der Liga ran. Der FC Marl, Tabellenzweiter der Bezirksliga, hat in der laufenden Saison erst drei Spiele verloren. Das wird f\u00fcr den SV Zweckel somit alles andere als eine leichte Aufgabe. Trotzdem [&hellip;]<\/p>\n","protected":false},"author":3,"featured_media":14694,"comment_status":"open","ping_status":"closed","sticky":false,"template":"","format":"standard","meta":{"_jetpack_memberships_contains_paid_content":false,"footnotes":"","jetpack_publicize_message":"","jetpack_publicize_feature_enabled":true,"jetpack_social_post_already_shared":false,"jetpack_social_options":{"image_generator_settings":{"template":"highway","default_image_id":0,"font":"","enabled":false},"version":2}},"categories":[2],"tags":[],"class_list":["post-14690","post","type-post","status-publish","format-standard","has-post-thumbnail","hentry","category-1-mannschaft"],"jetpack_publicize_connections":[],"jetpack_featured_media_url":"https:\/\/i0.wp.com\/www.svzweckel.de\/wp-content\/uploads\/2022\/05\/DSC00025.jpg?fit=800%2C533&ssl=1","jetpack_sharing_enabled":true,"_links":{"self":[{"href":"https:\/\/www.svzweckel.de\/index.php?rest_route=\/wp\/v2\/posts\/14690","targetHints":{"allow":["GET"]}}],"collection":[{"href":"https:\/\/www.svzweckel.de\/index.php?rest_route=\/wp\/v2\/posts"}],"about":[{"href":"https:\/\/www.svzweckel.de\/index.php?rest_route=\/wp\/v2\/types\/post"}],"author":[{"embeddable":true,"href":"https:\/\/www.svzweckel.de\/index.php?rest_route=\/wp\/v2\/users\/3"}],"replies":[{"embeddable":true,"href":"https:\/\/www.svzweckel.de\/index.php?rest_route=%2Fwp%2Fv2%2Fcomments&post=14690"}],"version-history":[{"count":0,"href":"https:\/\/www.svzweckel.de\/index.php?rest_route=\/wp\/v2\/posts\/14690\/revisions"}],"wp:featuredmedia":[{"embeddable":true,"href":"https:\/\/www.svzweckel.de\/index.php?rest_route=\/wp\/v2\/media\/14694"}],"wp:attachment":[{"href":"https:\/\/www.svzweckel.de\/index.php?rest_route=%2Fwp%2Fv2%2Fmedia&parent=14690"}],"wp:term":[{"taxonomy":"category","embeddable":true,"href":"https:\/\/www.svzweckel.de\/index.php?rest_route=%2Fwp%2Fv2%2Fcategories&post=14690"},{"taxonomy":"post_tag","embeddable":true,"href":"https:\/\/www.svzweckel.de\/index.php?rest_route=%2Fwp%2Fv2%2Ftags&post=14690"}],"curies":[{"name":"wp","href":"https:\/\/api.w.org\/{rel}","templated":true}]}}