{"id":14700,"date":"2022-05-25T11:28:53","date_gmt":"2022-05-25T09:28:53","guid":{"rendered":"https:\/\/www.svzweckel.de\/?p=14700"},"modified":"2022-06-30T09:13:33","modified_gmt":"2022-06-30T07:13:33","slug":"aus-dem-letzten-loch-gepfiffen","status":"publish","type":"post","link":"https:\/\/www.svzweckel.de\/?p=14700","title":{"rendered":"Aus dem letzten Loch gepfiffen"},"content":{"rendered":"\n<p>FC Marl &#8211; SV Zweckel 7:0 (1:0)<\/p>\n\n\n\n<p>Im drittletzten Spiel der Saison setzte es die deutlichste Niederlage.<\/p>\n\n\n\n<p>In den ersten 10 Minuten waren die Zweckeler gut unterwegs und hatten gleich zwei Riesenchancen durch Jan Schwers, der jedoch zweimal allein vor dem Torwart scheiterte. Danach \u00fcbernahm der Tabellenzweite das Kommando und setzte die Schwarz-Gr\u00fcnen verst\u00e4rkt unter Druck. <\/p>\n\n\n\n<p>In der 45. Minute gelang den Gastgebern nach einem schnellen Konter das 1:0, bei dem die Zweckeler Defensive etwas ungl\u00fccklich agierte.<\/p>\n\n\n\n<p>Direkt nach dem Anpfiff erh\u00f6hten die Marler nach einem Freisto\u00df auf 2:0 und die Messe war gelesen. Gegen eine sehr laufstarke und technisch gute Mannschaft gingen die Zweckeler unter.<\/p>\n\n\n\n<p>Das Fehlen einiger Akteure konnte die Mannschaft nicht kompensieren. Mit Julius Wloch, Marcel Ofiera, Norbu Lama und Maurice Ogaza fehlten schon wichitige Akteure. Am Spieltag tauchten ungeplant M\u00fccahit Yavuzaslan und Armand Lalo Penka Kouesso in Marl nicht auf.<\/p>\n\n\n\n<p>Besonderer Dank gilt den Akteuren der 2. Mannschaft, die sich in den Dienst des Vereins stellten und sich mit allen M\u00f6glichkeiten gegen den Gastgeber stellten.<\/p>\n\n\n\n<p>Die Marler spielten mit ihrer Spielfreude und Laufbereitschaft ihr Spiel hervorragend zu Ende und erh\u00f6hten am Ende auf 7:0.<\/p>\n\n\n\n<p><\/p>\n","protected":false},"excerpt":{"rendered":"<p>FC Marl &#8211; SV Zweckel 7:0 (1:0) Im drittletzten Spiel der Saison setzte es die deutlichste Niederlage. In den ersten 10 Minuten waren die Zweckeler gut unterwegs und hatten gleich zwei Riesenchancen durch Jan Schwers, der jedoch zweimal allein vor dem Torwart scheiterte. Danach \u00fcbernahm der Tabellenzweite das Kommando und setzte die Schwarz-Gr\u00fcnen verst\u00e4rkt unter [&hellip;]<\/p>\n","protected":false},"author":3,"featured_media":14702,"comment_status":"open","ping_status":"closed","sticky":false,"template":"","format":"standard","meta":{"_jetpack_memberships_contains_paid_content":false,"footnotes":"","jetpack_publicize_message":"","jetpack_publicize_feature_enabled":true,"jetpack_social_post_already_shared":false,"jetpack_social_options":{"image_generator_settings":{"template":"highway","default_image_id":0,"font":"","enabled":false},"version":2}},"categories":[2],"tags":[],"class_list":["post-14700","post","type-post","status-publish","format-standard","has-post-thumbnail","hentry","category-1-mannschaft"],"jetpack_publicize_connections":[],"jetpack_featured_media_url":"https:\/\/i0.wp.com\/www.svzweckel.de\/wp-content\/uploads\/2022\/05\/wp-16534704274261724664604364718382-scaled.jpg?fit=2560%2C1440&ssl=1","jetpack_sharing_enabled":true,"_links":{"self":[{"href":"https:\/\/www.svzweckel.de\/index.php?rest_route=\/wp\/v2\/posts\/14700","targetHints":{"allow":["GET"]}}],"collection":[{"href":"https:\/\/www.svzweckel.de\/index.php?rest_route=\/wp\/v2\/posts"}],"about":[{"href":"https:\/\/www.svzweckel.de\/index.php?rest_route=\/wp\/v2\/types\/post"}],"author":[{"embeddable":true,"href":"https:\/\/www.svzweckel.de\/index.php?rest_route=\/wp\/v2\/users\/3"}],"replies":[{"embeddable":true,"href":"https:\/\/www.svzweckel.de\/index.php?rest_route=%2Fwp%2Fv2%2Fcomments&post=14700"}],"version-history":[{"count":0,"href":"https:\/\/www.svzweckel.de\/index.php?rest_route=\/wp\/v2\/posts\/14700\/revisions"}],"wp:featuredmedia":[{"embeddable":true,"href":"https:\/\/www.svzweckel.de\/index.php?rest_route=\/wp\/v2\/media\/14702"}],"wp:attachment":[{"href":"https:\/\/www.svzweckel.de\/index.php?rest_route=%2Fwp%2Fv2%2Fmedia&parent=14700"}],"wp:term":[{"taxonomy":"category","embeddable":true,"href":"https:\/\/www.svzweckel.de\/index.php?rest_route=%2Fwp%2Fv2%2Fcategories&post=14700"},{"taxonomy":"post_tag","embeddable":true,"href":"https:\/\/www.svzweckel.de\/index.php?rest_route=%2Fwp%2Fv2%2Ftags&post=14700"}],"curies":[{"name":"wp","href":"https:\/\/api.w.org\/{rel}","templated":true}]}}