{"id":14708,"date":"2022-05-26T19:56:15","date_gmt":"2022-05-26T17:56:15","guid":{"rendered":"https:\/\/www.svzweckel.de\/?p=14708"},"modified":"2022-06-30T09:13:33","modified_gmt":"2022-06-30T07:13:33","slug":"urteil-des-verbandssportgerichtes","status":"publish","type":"post","link":"https:\/\/www.svzweckel.de\/?p=14708","title":{"rendered":"Urteil des Verbandssportgerichtes"},"content":{"rendered":"\n<p>Das Verbandssportgericht, vertreten durch den Einzelrichter Rolf Meiberg, hat bez\u00fcglich der Beschwerde des SV Zweckel entschieden, dass diese unbegr\u00fcndet ist und hat eine Revision nicht zugelassen.<\/p>\n\n\n\n<p>Der Vorsitzende des SV Zweckel hat in den vergangenen Wochen immer wieder versucht, das Verfahren zu beschleunigen, am Ende kam ein Urteil dabei heraus, bei welchem man sich zu Recht fragen kann, ob der Verfasser dieses Urteils sich mit dem Sachverhalt \u00fcberhaupt eingehend besch\u00e4ftigt hat.<\/p>\n\n\n\n<p>Viele Hinweise und Fragen des SV Zweckel wurden auch im Nachhinein nicht ber\u00fccksichtigt, wobei die zentrale Frage selbst auf zweimalige Nachfrage nicht beantwortet wurde.<\/p>\n\n\n\n<p>Hierbei geht es ausschlie\u00dflich um den \u00a7 11 Absatz 9 der Jugendspielordnung, in welchem aufgef\u00fchrt ist, dass f\u00fcr alle A-Junioren des \u00e4lteren Jahrgangs f\u00fcr die Erteilung der Spielberechtigung bei einem<br>Vereinswechsel die Wechselbestimmungen der SpO des WDFV gelten. Das hei\u00dft nach Auffassung des SV Zweckel, dass ein Wechsel nach dem 31. Januar eines Jahres ausgeschlossen ist und es auch keine Ausnahmen gibt. <\/p>\n\n\n\n<p>Beide Rechtsorgane sind trotz entsprechender Hinweise mit mit keiner Silbe in ihren Urteilen darauf eingegangen. Entsprechende Nachfragen wurden einfach ignoriert.<\/p>\n\n\n\n<p>Sollten die zust\u00e4ndigen Juristen eine schl\u00fcssige Erkl\u00e4rung f\u00fcr ihr Vorgehen liefern, w\u00fcrde der SV Zweckel nat\u00fcrlich die Urteile akzeptieren. Im vorliegenden Fall stinkt die ganze Angelegenheit aber gewaltig zum Himmel, denn so sieht es ganz danach aus, als wenn die zust\u00e4ndigen Juristen keine Antwort auf die Frage haben oder diese nicht beantworten wollen. <\/p>\n\n\n\n<p>Ein Schelm, wer B\u00f6ses dabei denkt, dass Herr Meiberg keine Revision gegen das Urteil zugelassen hat. <\/p>\n\n\n\n<p>Der SV Zweckel wird sich \u00fcberlegen, ob er das Rechtsmittel der Zulassungsbeschwerde wegen der Nichtzulassung der Revision einlegt. Dazu hat der Verein 10 Tage Zeit und w\u00fcrde m\u00f6glicherweise die Bezirksliga 14 noch nach Beendigung der Saison besch\u00e4ftigen. Das ist mehr als bedauerlich und h\u00e4tte durch mehr Sorgfalt, Geschwindigkeit und Kommunikation seitens der Rechtsorgane des Verbandes verhindert werden k\u00f6nnen. <\/p>\n\n\n\n<p>Der SV Zweckel wird nat\u00fcrlich nach berichten. <\/p>\n\n\n<a href=\"https:\/\/www.svzweckel.de\/wp-content\/uploads\/2022\/05\/00129-21_22-VSG-SPIELVEREIN-ZWECKEL-23-E.V.-Entscheidung.pdf\" class=\"pdfemb-viewer\" style=\"width:960px;height:720px;\" data-width=\"960\" data-height=\"720\" data-toolbar=\"both\" data-toolbar-fixed=\"on\">00129-21_22-VSG-SPIELVEREIN-ZWECKEL-23-E.V.-Entscheidung<\/a>\n<p class=\"wp-block-pdfemb-pdf-embedder-viewer\"><\/p>\n","protected":false},"excerpt":{"rendered":"<p>Das Verbandssportgericht, vertreten durch den Einzelrichter Rolf Meiberg, hat bez\u00fcglich der Beschwerde des SV Zweckel entschieden, dass diese unbegr\u00fcndet ist und hat eine Revision nicht zugelassen. Der Vorsitzende des SV Zweckel hat in den vergangenen Wochen immer wieder versucht, das Verfahren zu beschleunigen, am Ende kam ein Urteil dabei heraus, bei welchem man sich zu [&hellip;]<\/p>\n","protected":false},"author":3,"featured_media":14652,"comment_status":"open","ping_status":"closed","sticky":false,"template":"","format":"standard","meta":{"_jetpack_memberships_contains_paid_content":false,"footnotes":"","jetpack_publicize_message":"","jetpack_publicize_feature_enabled":true,"jetpack_social_post_already_shared":false,"jetpack_social_options":{"image_generator_settings":{"template":"highway","default_image_id":0,"font":"","enabled":false},"version":2}},"categories":[2],"tags":[],"class_list":["post-14708","post","type-post","status-publish","format-standard","has-post-thumbnail","hentry","category-1-mannschaft"],"jetpack_publicize_connections":[],"jetpack_featured_media_url":"https:\/\/i0.wp.com\/www.svzweckel.de\/wp-content\/uploads\/2022\/05\/wp-16520281468165286668811046824694-scaled.jpg?fit=2560%2C1440&ssl=1","jetpack_sharing_enabled":true,"_links":{"self":[{"href":"https:\/\/www.svzweckel.de\/index.php?rest_route=\/wp\/v2\/posts\/14708","targetHints":{"allow":["GET"]}}],"collection":[{"href":"https:\/\/www.svzweckel.de\/index.php?rest_route=\/wp\/v2\/posts"}],"about":[{"href":"https:\/\/www.svzweckel.de\/index.php?rest_route=\/wp\/v2\/types\/post"}],"author":[{"embeddable":true,"href":"https:\/\/www.svzweckel.de\/index.php?rest_route=\/wp\/v2\/users\/3"}],"replies":[{"embeddable":true,"href":"https:\/\/www.svzweckel.de\/index.php?rest_route=%2Fwp%2Fv2%2Fcomments&post=14708"}],"version-history":[{"count":0,"href":"https:\/\/www.svzweckel.de\/index.php?rest_route=\/wp\/v2\/posts\/14708\/revisions"}],"wp:featuredmedia":[{"embeddable":true,"href":"https:\/\/www.svzweckel.de\/index.php?rest_route=\/wp\/v2\/media\/14652"}],"wp:attachment":[{"href":"https:\/\/www.svzweckel.de\/index.php?rest_route=%2Fwp%2Fv2%2Fmedia&parent=14708"}],"wp:term":[{"taxonomy":"category","embeddable":true,"href":"https:\/\/www.svzweckel.de\/index.php?rest_route=%2Fwp%2Fv2%2Fcategories&post=14708"},{"taxonomy":"post_tag","embeddable":true,"href":"https:\/\/www.svzweckel.de\/index.php?rest_route=%2Fwp%2Fv2%2Ftags&post=14708"}],"curies":[{"name":"wp","href":"https:\/\/api.w.org\/{rel}","templated":true}]}}