{"id":14715,"date":"2022-05-27T12:59:18","date_gmt":"2022-05-27T10:59:18","guid":{"rendered":"https:\/\/www.svzweckel.de\/?p=14715"},"modified":"2022-06-30T09:13:33","modified_gmt":"2022-06-30T07:13:33","slug":"die-posse-geht-weiter","status":"publish","type":"post","link":"https:\/\/www.svzweckel.de\/?p=14715","title":{"rendered":"Die Posse geht weiter!"},"content":{"rendered":"\n<p>In dem Berufungsverfahren vor dem Verbandssportgericht hat der Einzelrichter Rolf Meiberg ein weiteres unr\u00fchmliches Kapitel aufgeschlagen.<\/p>\n\n\n\n<p>Im Urteil geht Herr Meiberg leider mit keiner Silbe auf die alles entscheidende Frage ein: Gilt der Paragrah 11 Absatz 9 der Jugendspielordnung oder nicht und falls nein, aus welchem Grunde nicht?<\/p>\n\n\n\n<p>Gem. \u00a7 11 Absatz 9 der Jugendspielordnung gelten f\u00fcr alle A-Junioren des \u00e4lteren Jahrgangs f\u00fcr die Erteilung der Spielberechtigung bei einem Vereinswechsel die Wechselbestimmungen der Spielordnung des WDFV. Diese Wechselbestimmungen sind, wie in der Begr\u00fcndung vom 26.04.2022 angef\u00fchrt, nicht eingehalten worden.<\/p>\n\n\n\n<p>An der Beantwortung dieser Frage sind vermutlich auch andere Vereinsvertreter interessiert. F\u00fcr die vom SV Zweckel angestrengte Berufung ist das allerdings von entscheidender Bedeutung.<\/p>\n\n\n\n<p>Die w\u00f6rtliche Antwort des Einzelrichters Rolf Meiberg:<\/p>\n\n\n\n<p>&#8222;Das Verfahren vor dem Verbandssportgericht ist abgeschlossen. Weitere Ausf\u00fchrungen er\u00fcbrigen sich daher.&#8220;<\/p>\n\n\n\n<p>Diese Antwort sollte nicht lange unbeantwortet bleiben, denn damit zieht sich der Verantwortliche auf reine Formalien zur\u00fcck. Die Antwort an Herrn Meiberg beinhaltete insbesondere folgende Aspekte:<\/p>\n\n\n\n<p>Diese Antwort ist an Arroganz und Abgehobenheit kaum zu \u00fcberbieten.<\/p>\n\n\n\n<p>Der verantwortliche Richter wurde h\u00f6flich um ein Erkl\u00e4rung gebeten, warum f\u00fcr das Urteil die Jugendspielordnung und nicht die Spielordnung einschl\u00e4gig gewesen ist.<\/p>\n\n\n\n<p>Es ist sportlich unfair, dass Herr Meiberg nicht willens oder in der Lage ist, seine Ausf\u00fchrungen zu erkl\u00e4ren. Das sollten beteiligte Vereine, die sonst mit den entsprechenden Rechtslagen nicht befasst sind, allerdings verlangen k\u00f6nnen.<\/p>\n\n\n\n<p>Im Namen des Volkes bedeutet auch, dass das Volk, im vorliegenden Fall die Vereine, die Urteile verstehen m\u00fcssen, die Herr Meiberg und die anderen Richter verk\u00fcnden. Der SV Zweckel hat im Sport ein anderes Verhalten erwartet und ist umso entt\u00e4uschter, dass eine Kommunikation auf Augenh\u00f6he nicht gew\u00fcnscht ist.<\/p>\n\n\n\n<p>M\u00f6glicherweise hat der SV Zweckel in der entsprechenden Rechtsvorschrift etwas \u00fcbersehen oder kann es rechtlich nicht richtig einordnen und fragt genau deshalb beim verantwortlichen Juristen nach.<\/p>\n\n\n\n<p>Der SV Zweckel nimmt bedauerlicherweise zur Kenntnis, dass der Richter dem SV Zweckel als beteiligtem Verein nicht helfen will sondern sich die Sache einfach nur leicht gemacht hat.<\/p>\n\n\n\n<p>Fortsetzung folgt!<\/p>\n","protected":false},"excerpt":{"rendered":"<p>In dem Berufungsverfahren vor dem Verbandssportgericht hat der Einzelrichter Rolf Meiberg ein weiteres unr\u00fchmliches Kapitel aufgeschlagen. Im Urteil geht Herr Meiberg leider mit keiner Silbe auf die alles entscheidende Frage ein: Gilt der Paragrah 11 Absatz 9 der Jugendspielordnung oder nicht und falls nein, aus welchem Grunde nicht? Gem. \u00a7 11 Absatz 9 der Jugendspielordnung [&hellip;]<\/p>\n","protected":false},"author":3,"featured_media":14162,"comment_status":"open","ping_status":"closed","sticky":false,"template":"","format":"standard","meta":{"_jetpack_memberships_contains_paid_content":false,"footnotes":"","jetpack_publicize_message":"","jetpack_publicize_feature_enabled":true,"jetpack_social_post_already_shared":false,"jetpack_social_options":{"image_generator_settings":{"template":"highway","default_image_id":0,"font":"","enabled":false},"version":2}},"categories":[2],"tags":[],"class_list":["post-14715","post","type-post","status-publish","format-standard","has-post-thumbnail","hentry","category-1-mannschaft"],"jetpack_publicize_connections":[],"jetpack_featured_media_url":"https:\/\/i0.wp.com\/www.svzweckel.de\/wp-content\/uploads\/2021\/10\/DSC00047.jpg?fit=800%2C533&ssl=1","jetpack_sharing_enabled":true,"_links":{"self":[{"href":"https:\/\/www.svzweckel.de\/index.php?rest_route=\/wp\/v2\/posts\/14715","targetHints":{"allow":["GET"]}}],"collection":[{"href":"https:\/\/www.svzweckel.de\/index.php?rest_route=\/wp\/v2\/posts"}],"about":[{"href":"https:\/\/www.svzweckel.de\/index.php?rest_route=\/wp\/v2\/types\/post"}],"author":[{"embeddable":true,"href":"https:\/\/www.svzweckel.de\/index.php?rest_route=\/wp\/v2\/users\/3"}],"replies":[{"embeddable":true,"href":"https:\/\/www.svzweckel.de\/index.php?rest_route=%2Fwp%2Fv2%2Fcomments&post=14715"}],"version-history":[{"count":0,"href":"https:\/\/www.svzweckel.de\/index.php?rest_route=\/wp\/v2\/posts\/14715\/revisions"}],"wp:featuredmedia":[{"embeddable":true,"href":"https:\/\/www.svzweckel.de\/index.php?rest_route=\/wp\/v2\/media\/14162"}],"wp:attachment":[{"href":"https:\/\/www.svzweckel.de\/index.php?rest_route=%2Fwp%2Fv2%2Fmedia&parent=14715"}],"wp:term":[{"taxonomy":"category","embeddable":true,"href":"https:\/\/www.svzweckel.de\/index.php?rest_route=%2Fwp%2Fv2%2Fcategories&post=14715"},{"taxonomy":"post_tag","embeddable":true,"href":"https:\/\/www.svzweckel.de\/index.php?rest_route=%2Fwp%2Fv2%2Ftags&post=14715"}],"curies":[{"name":"wp","href":"https:\/\/api.w.org\/{rel}","templated":true}]}}