{"id":14734,"date":"2022-06-03T20:52:34","date_gmt":"2022-06-03T18:52:34","guid":{"rendered":"https:\/\/www.svzweckel.de\/?p=14734"},"modified":"2022-06-30T09:14:32","modified_gmt":"2022-06-30T07:14:32","slug":"letztes-spiel-in-der-saison","status":"publish","type":"post","link":"https:\/\/www.svzweckel.de\/?p=14734","title":{"rendered":"Letztes Spiel in der Saison"},"content":{"rendered":"\n<p>Pfingstmontag, 06.06.22, 15:00 Uhr: SF Merfeld &#8211; SV Zweckel<\/p>\n\n\n\n<p>Das wird ein bitterer Gang f\u00fcr den SV Zweckel! Am Pfingstmontag reist die Elf mit Trainer G\u00fcnter Appelt und Co-Trainer Timon Reschke zum letzten Ausw\u00e4rtsspiel der Saison.<\/p>\n\n\n\n<p>Nach einer mehr als verkorksten Hinserie hat G\u00fcnter Appelt nach einer grottenschlechten Vorstellung Nch beim VfB H\u00fcls noch einmal das Ruder \u00fcbernommen. Nach guten Spielen und mit einer Ausbeute von 14 Punkten aus 10 Spielen kann er mit einem Sieg in Merfeld noch auf 17 Punkte aus 11 Meisterschaftsspielen kommen. Dieser Schnitt h\u00e4tte in den ersten 19 Spielen sicher dazu gef\u00fchrt, dass der SV Zweckel im Mittelfeld der Liga angekommen w\u00e4re.<\/p>\n\n\n\n<p>Das ist aber leider nicht gelungen, so dass der Enspurt nicht von Erfolg gekr\u00f6nt war. Die Schwarz-Gr\u00fcnen wollen sich mit einer guten Vorstellung aus der Liga verabschieden.<\/p>\n\n\n\n<p><\/p>\n","protected":false},"excerpt":{"rendered":"<p>Pfingstmontag, 06.06.22, 15:00 Uhr: SF Merfeld &#8211; SV Zweckel Das wird ein bitterer Gang f\u00fcr den SV Zweckel! Am Pfingstmontag reist die Elf mit Trainer G\u00fcnter Appelt und Co-Trainer Timon Reschke zum letzten Ausw\u00e4rtsspiel der Saison. Nach einer mehr als verkorksten Hinserie hat G\u00fcnter Appelt nach einer grottenschlechten Vorstellung Nch beim VfB H\u00fcls noch einmal [&hellip;]<\/p>\n","protected":false},"author":3,"featured_media":14735,"comment_status":"open","ping_status":"closed","sticky":false,"template":"","format":"standard","meta":{"_jetpack_memberships_contains_paid_content":false,"footnotes":"","jetpack_publicize_message":"","jetpack_publicize_feature_enabled":true,"jetpack_social_post_already_shared":false,"jetpack_social_options":{"image_generator_settings":{"template":"highway","default_image_id":0,"font":"","enabled":false},"version":2}},"categories":[2],"tags":[],"class_list":["post-14734","post","type-post","status-publish","format-standard","has-post-thumbnail","hentry","category-1-mannschaft"],"jetpack_publicize_connections":[],"jetpack_featured_media_url":"https:\/\/i0.wp.com\/www.svzweckel.de\/wp-content\/uploads\/2022\/06\/SCH.jpg?fit=588%2C424&ssl=1","jetpack_sharing_enabled":true,"_links":{"self":[{"href":"https:\/\/www.svzweckel.de\/index.php?rest_route=\/wp\/v2\/posts\/14734","targetHints":{"allow":["GET"]}}],"collection":[{"href":"https:\/\/www.svzweckel.de\/index.php?rest_route=\/wp\/v2\/posts"}],"about":[{"href":"https:\/\/www.svzweckel.de\/index.php?rest_route=\/wp\/v2\/types\/post"}],"author":[{"embeddable":true,"href":"https:\/\/www.svzweckel.de\/index.php?rest_route=\/wp\/v2\/users\/3"}],"replies":[{"embeddable":true,"href":"https:\/\/www.svzweckel.de\/index.php?rest_route=%2Fwp%2Fv2%2Fcomments&post=14734"}],"version-history":[{"count":0,"href":"https:\/\/www.svzweckel.de\/index.php?rest_route=\/wp\/v2\/posts\/14734\/revisions"}],"wp:featuredmedia":[{"embeddable":true,"href":"https:\/\/www.svzweckel.de\/index.php?rest_route=\/wp\/v2\/media\/14735"}],"wp:attachment":[{"href":"https:\/\/www.svzweckel.de\/index.php?rest_route=%2Fwp%2Fv2%2Fmedia&parent=14734"}],"wp:term":[{"taxonomy":"category","embeddable":true,"href":"https:\/\/www.svzweckel.de\/index.php?rest_route=%2Fwp%2Fv2%2Fcategories&post=14734"},{"taxonomy":"post_tag","embeddable":true,"href":"https:\/\/www.svzweckel.de\/index.php?rest_route=%2Fwp%2Fv2%2Ftags&post=14734"}],"curies":[{"name":"wp","href":"https:\/\/api.w.org\/{rel}","templated":true}]}}