{"id":14741,"date":"2022-06-06T19:39:21","date_gmt":"2022-06-06T17:39:21","guid":{"rendered":"https:\/\/www.svzweckel.de\/?p=14741"},"modified":"2022-06-30T08:57:34","modified_gmt":"2022-06-30T06:57:34","slug":"fast-wie-immer-nur-mit-gutem-ausgang","status":"publish","type":"post","link":"https:\/\/www.svzweckel.de\/?p=14741","title":{"rendered":"Fast wie immer &#8211; nur mit gutem Ausgang"},"content":{"rendered":"\n<p>SF Merfeld &#8211; SV Zweckel 2:4 (1:0)<\/p>\n\n\n\n<p>Der SV Zweckel hat im letzten Spiel der Saison noch einmal alles gegeben und mit einem Sieg f\u00fcr einen vers\u00f6hnlichen Ausgleich gesorgt. <\/p>\n\n\n\n<p>Eigentlich fing es an wie (fast) immer. Die Zweckeler zeigten, dass sie wollten und erspielten sich einige M\u00f6glichkeiten nach vorne. Trotzdem kassierten sie nach einem Standard von der rechten Seite das 1:0 durch einen Kopfballtreffer.<\/p>\n\n\n\n<p>Doch auch diesmal zeigten die Jungs von Trainer G\u00fcnter Appelt wieder Moral, sch\u00fcttelten den R\u00fcckstand aus dem Klamotten und spielten munter nach vorne. Doch mit dem Pausenpfiff konterten die Gastgeber die Schwarz-Gr\u00fcnen noch einmal aus und erh\u00f6hten auf 2:0.<\/p>\n\n\n\n<p>Doch damit war noch keine Vorentscheidung gefallen. Die G\u00e4ste gaben nicht auf und machten Druck auf das Mefelder Tor. In der 68. Minute traf Maurice Ogaza mit einem fulminanten Schuss ins linke unter Eck zum Anschlusstreffer. Nach einer scharfen Flanke traf ein G\u00e4stespieler nur f\u00fcnf Minuten sp\u00e4ter zum Ausgleich ins eigene Tor und auf einmal waren die Zweckeler wieder am Dr\u00fccker. <\/p>\n\n\n\n<p>In der 78. Minute traf Maurice Ogaza zum F\u00fchrungstreffer und machte in der 87. Minunte durch einen Schlenzer in das rechte unter Toreck den Deckel drauf.<\/p>\n\n\n\n<p>Die Mannschaft hat alles gegeben und sich mit einem regul\u00e4ren Sieg in das Saisonende verabschiedet.<\/p>\n\n\n\n<p>Doch noch ist nich alles vorbei, denn der Verein hat gegen die Nichtzulassung der Revision Zulassungsbeschwerde eingelegt. Das Ergebnis dazu k\u00f6nnte den Spielbetrieb in der Bezirksliga noch einmal deutlich in Unordnung bringen. Infos dazu werden in einem weiteren Artikel am Pfingstmontagabend ver\u00f6ffentlicht. <\/p>\n","protected":false},"excerpt":{"rendered":"<p>SF Merfeld &#8211; SV Zweckel 2:4 (1:0) Der SV Zweckel hat im letzten Spiel der Saison noch einmal alles gegeben und mit einem Sieg f\u00fcr einen vers\u00f6hnlichen Ausgleich gesorgt. Eigentlich fing es an wie (fast) immer. Die Zweckeler zeigten, dass sie wollten und erspielten sich einige M\u00f6glichkeiten nach vorne. Trotzdem kassierten sie nach einem Standard [&hellip;]<\/p>\n","protected":false},"author":3,"featured_media":14146,"comment_status":"open","ping_status":"closed","sticky":false,"template":"","format":"standard","meta":{"_jetpack_memberships_contains_paid_content":false,"footnotes":"","jetpack_publicize_message":"","jetpack_publicize_feature_enabled":true,"jetpack_social_post_already_shared":false,"jetpack_social_options":{"image_generator_settings":{"template":"highway","default_image_id":0,"font":"","enabled":false},"version":2}},"categories":[2],"tags":[],"class_list":["post-14741","post","type-post","status-publish","format-standard","has-post-thumbnail","hentry","category-1-mannschaft"],"jetpack_publicize_connections":[],"jetpack_featured_media_url":"https:\/\/i0.wp.com\/www.svzweckel.de\/wp-content\/uploads\/2021\/10\/DSC00008.jpg?fit=800%2C533&ssl=1","jetpack_sharing_enabled":true,"_links":{"self":[{"href":"https:\/\/www.svzweckel.de\/index.php?rest_route=\/wp\/v2\/posts\/14741","targetHints":{"allow":["GET"]}}],"collection":[{"href":"https:\/\/www.svzweckel.de\/index.php?rest_route=\/wp\/v2\/posts"}],"about":[{"href":"https:\/\/www.svzweckel.de\/index.php?rest_route=\/wp\/v2\/types\/post"}],"author":[{"embeddable":true,"href":"https:\/\/www.svzweckel.de\/index.php?rest_route=\/wp\/v2\/users\/3"}],"replies":[{"embeddable":true,"href":"https:\/\/www.svzweckel.de\/index.php?rest_route=%2Fwp%2Fv2%2Fcomments&post=14741"}],"version-history":[{"count":0,"href":"https:\/\/www.svzweckel.de\/index.php?rest_route=\/wp\/v2\/posts\/14741\/revisions"}],"wp:featuredmedia":[{"embeddable":true,"href":"https:\/\/www.svzweckel.de\/index.php?rest_route=\/wp\/v2\/media\/14146"}],"wp:attachment":[{"href":"https:\/\/www.svzweckel.de\/index.php?rest_route=%2Fwp%2Fv2%2Fmedia&parent=14741"}],"wp:term":[{"taxonomy":"category","embeddable":true,"href":"https:\/\/www.svzweckel.de\/index.php?rest_route=%2Fwp%2Fv2%2Fcategories&post=14741"},{"taxonomy":"post_tag","embeddable":true,"href":"https:\/\/www.svzweckel.de\/index.php?rest_route=%2Fwp%2Fv2%2Ftags&post=14741"}],"curies":[{"name":"wp","href":"https:\/\/api.w.org\/{rel}","templated":true}]}}