{"id":14747,"date":"2022-06-06T21:47:38","date_gmt":"2022-06-06T19:47:38","guid":{"rendered":"https:\/\/www.svzweckel.de\/?p=14747"},"modified":"2022-06-30T08:58:39","modified_gmt":"2022-06-30T06:58:39","slug":"moegliche-auswirkungen-einer-zulassungsbeschwerde","status":"publish","type":"post","link":"https:\/\/www.svzweckel.de\/?p=14747","title":{"rendered":"M\u00f6gliche Auswirkungen einer Zulassungsbeschwerde"},"content":{"rendered":"\n<p>Der SV Zweckel hat mehr als nachvollziehbar dargelegt, warum die Zulassungsbeschwerde erfolgreich sein k\u00f6nnte und der Fall somit in die Revision gehen m\u00fcsste. Sollte der Beschwerde stattgegeben werden, ist das sicher mehr als ein Indiz daf\u00fcr, dass die Revision erfolgreich sein k\u00f6nnte.<\/p>\n\n\n\n<p>Das k\u00f6nnte dann allerdings zu einigen Verwerfungen in der Bezirksliga und den Kreisligen des Kreises Gelsenkirchen f\u00fchren.<\/p>\n\n\n\n<p>Der SV Zweckel ist aktuell der dritte Absteiger aus der Bezirksliga 14 in den Fu\u00dfballkreis 12 (Gelsenkirchen). Sollte dieser Abstieg am gr\u00fcnen Tisch verhindert und dem SV Zweckel drei Punkte zugesprochen werden, g\u00e4be es keinen weiteren Absteiger in den Kreis Gelsenkirchen, denn dann w\u00fcrde Genclikspor Recklinghausen auf einem Abstiegsplatz stehen und m\u00f6glicherweise in eine der Kreisligen in Recklinghausen absteigen. <\/p>\n\n\n\n<p>Das h\u00e4tte aber zur Folge, dass die Drittletzten der Kreisligen A des Kreises Gelsenkirchen auch nicht absteigen w\u00fcrden und somit auch die Zweckeler Zweite in der Kreisliga A bleiben d\u00fcrfte.<\/p>\n\n\n\n<p>Interessant wird die ganze Angelegenheit nat\u00fcrlich noch dadurch, dass kein Wiederholungsspiel mehr angesetzt werden k\u00f6nnte, denn dazu m\u00fcssten erst einmal zwei Instanzen der Rechtsauffassung des SV Zweckel folgen. Das d\u00fcrfte sich sicher noch einge Tage oder Wochen hinziehen. <\/p>\n\n\n\n<p>Au\u00dferdem w\u00e4re es bei einer Revisionsverhandlung vor dem Verbandssportgericht diesmal sicher mehr als angebracht, diese als Kammerentscheidung in einem m\u00fcndlichen Verfahren durchzuf\u00fchren. Das w\u00e4re auf Grund der grundlegenden Rechtsfragen, die dieses Verfahren aufgeworfen hat, auch mehr als angebracht. F\u00fcr viele Vereine des WDFV d\u00fcrfte es von Interesse sein, ob die A-Junioren nun den Wechselregularien der Jugendspielordnung oder der Spielordnung unterliegen.<\/p>\n\n\n\n<p>Staffelleiter Klaus Overwien und der Verbands-Fu\u00dfball-Ausschusses Reinhold Spohn m\u00fcssen sich in den n\u00e4chsten Tagen um m\u00f6gliche Fallkonstellationen Gedanken machen und die anstehenden M\u00f6glichkeiten diskutieren und Entscheidungen vobereiten, denn bei der o. a. Konstellation k\u00f6nnte es nat\u00fcrlich auch zu Vereinswechseln von Spielern kommen, die unter anderen Voraussetzungen nicht zustande gekommen w\u00e4ren.<\/p>\n\n\n\n<p><\/p>\n","protected":false},"excerpt":{"rendered":"<p>Der SV Zweckel hat mehr als nachvollziehbar dargelegt, warum die Zulassungsbeschwerde erfolgreich sein k\u00f6nnte und der Fall somit in die Revision gehen m\u00fcsste. Sollte der Beschwerde stattgegeben werden, ist das sicher mehr als ein Indiz daf\u00fcr, dass die Revision erfolgreich sein k\u00f6nnte. Das k\u00f6nnte dann allerdings zu einigen Verwerfungen in der Bezirksliga und den Kreisligen [&hellip;]<\/p>\n","protected":false},"author":3,"featured_media":14109,"comment_status":"open","ping_status":"closed","sticky":false,"template":"","format":"standard","meta":{"_jetpack_memberships_contains_paid_content":false,"footnotes":"","jetpack_publicize_message":"","jetpack_publicize_feature_enabled":true,"jetpack_social_post_already_shared":false,"jetpack_social_options":{"image_generator_settings":{"template":"highway","default_image_id":0,"font":"","enabled":false},"version":2}},"categories":[2],"tags":[],"class_list":["post-14747","post","type-post","status-publish","format-standard","has-post-thumbnail","hentry","category-1-mannschaft"],"jetpack_publicize_connections":[],"jetpack_featured_media_url":"https:\/\/i0.wp.com\/www.svzweckel.de\/wp-content\/uploads\/2021\/10\/DSC00097.jpg?fit=800%2C533&ssl=1","jetpack_sharing_enabled":true,"_links":{"self":[{"href":"https:\/\/www.svzweckel.de\/index.php?rest_route=\/wp\/v2\/posts\/14747","targetHints":{"allow":["GET"]}}],"collection":[{"href":"https:\/\/www.svzweckel.de\/index.php?rest_route=\/wp\/v2\/posts"}],"about":[{"href":"https:\/\/www.svzweckel.de\/index.php?rest_route=\/wp\/v2\/types\/post"}],"author":[{"embeddable":true,"href":"https:\/\/www.svzweckel.de\/index.php?rest_route=\/wp\/v2\/users\/3"}],"replies":[{"embeddable":true,"href":"https:\/\/www.svzweckel.de\/index.php?rest_route=%2Fwp%2Fv2%2Fcomments&post=14747"}],"version-history":[{"count":0,"href":"https:\/\/www.svzweckel.de\/index.php?rest_route=\/wp\/v2\/posts\/14747\/revisions"}],"wp:featuredmedia":[{"embeddable":true,"href":"https:\/\/www.svzweckel.de\/index.php?rest_route=\/wp\/v2\/media\/14109"}],"wp:attachment":[{"href":"https:\/\/www.svzweckel.de\/index.php?rest_route=%2Fwp%2Fv2%2Fmedia&parent=14747"}],"wp:term":[{"taxonomy":"category","embeddable":true,"href":"https:\/\/www.svzweckel.de\/index.php?rest_route=%2Fwp%2Fv2%2Fcategories&post=14747"},{"taxonomy":"post_tag","embeddable":true,"href":"https:\/\/www.svzweckel.de\/index.php?rest_route=%2Fwp%2Fv2%2Ftags&post=14747"}],"curies":[{"name":"wp","href":"https:\/\/api.w.org\/{rel}","templated":true}]}}