{"id":14751,"date":"2022-06-07T20:45:15","date_gmt":"2022-06-07T18:45:15","guid":{"rendered":"https:\/\/www.svzweckel.de\/?p=14751"},"modified":"2022-06-30T08:56:42","modified_gmt":"2022-06-30T06:56:42","slug":"guenter-appelt-bleibt-trainer","status":"publish","type":"post","link":"https:\/\/www.svzweckel.de\/?p=14751","title":{"rendered":"G\u00fcnter Appelt bleibt Trainer!"},"content":{"rendered":"\n<p>Der Vorstand des SV Zweckel hat in den letzten Tagen intensiv an der neuen Saison gearbeitet und mit tatkr\u00e4ftiger Unterst\u00fctzng des Ehrenvorsitzenden Uli Simon ein mehr als erfreuliches Ergebnis erzielt.<\/p>\n\n\n\n<p>G\u00fcnter Appelt wird auch in der kommenden Saison, unabh\u00e4ngig von der Ligazugeh\u00f6rigkeit, die 1. Mannschaft des SV Zweckel trainieren. Der Coach steht damit auch in wahrlich schwierigen Zeiten zu seinem Verein und l\u00e4sst die Schwarz-Gr\u00fcnen nicht im Stich.<\/p>\n\n\n\n<p>Er kann beim Neuaufbau schon auf bew\u00e4hrte Kr\u00e4fte der abgelaufenen Saison zugr\u00fcckgreifen, die unbedingt unter ihm weiter trainieren wollten. Mit M\u00fccahit Yavuzaslan, B\u00fcnyamin Ert\u00fcrk und Tensing Norbu Lama haben vorerst lediglich drei Spieler ihren Abschied verk\u00fcndet. <\/p>\n\n\n\n<p>Mit Ausnahme von einem bzw. zwei Spielern haben alle anderen Mannschaftskollegen bereits ihre Zusage f\u00fcr die neue Saison gegeben. Damit kann der Trainer auf die Leute z\u00e4hlen, die in den letzten Wochen sowohl im Training als auch in den Spielen alles gegeben haben, um die Karre noch aus dem Dreck zu ziehen.<\/p>\n\n\n\n<p>G\u00fcnter Appelt ist schon aktiv auf Spielersuche und der Verein wird sicher in den n\u00e4chsten Tagen und Wochen noch die eine oder andere Neuverpflichtung bekannt geben k\u00f6nnen.<\/p>\n\n\n\n<p><\/p>\n","protected":false},"excerpt":{"rendered":"<p>Der Vorstand des SV Zweckel hat in den letzten Tagen intensiv an der neuen Saison gearbeitet und mit tatkr\u00e4ftiger Unterst\u00fctzng des Ehrenvorsitzenden Uli Simon ein mehr als erfreuliches Ergebnis erzielt. G\u00fcnter Appelt wird auch in der kommenden Saison, unabh\u00e4ngig von der Ligazugeh\u00f6rigkeit, die 1. Mannschaft des SV Zweckel trainieren. Der Coach steht damit auch in [&hellip;]<\/p>\n","protected":false},"author":3,"featured_media":4204,"comment_status":"open","ping_status":"closed","sticky":false,"template":"","format":"standard","meta":{"_jetpack_memberships_contains_paid_content":false,"footnotes":"","jetpack_publicize_message":"","jetpack_publicize_feature_enabled":true,"jetpack_social_post_already_shared":false,"jetpack_social_options":{"image_generator_settings":{"template":"highway","default_image_id":0,"font":"","enabled":false},"version":2}},"categories":[2],"tags":[],"class_list":["post-14751","post","type-post","status-publish","format-standard","has-post-thumbnail","hentry","category-1-mannschaft"],"jetpack_publicize_connections":[],"jetpack_featured_media_url":"https:\/\/i0.wp.com\/www.svzweckel.de\/wp-content\/uploads\/2015\/12\/Appelt.jpg?fit=616%2C225&ssl=1","jetpack_sharing_enabled":true,"_links":{"self":[{"href":"https:\/\/www.svzweckel.de\/index.php?rest_route=\/wp\/v2\/posts\/14751","targetHints":{"allow":["GET"]}}],"collection":[{"href":"https:\/\/www.svzweckel.de\/index.php?rest_route=\/wp\/v2\/posts"}],"about":[{"href":"https:\/\/www.svzweckel.de\/index.php?rest_route=\/wp\/v2\/types\/post"}],"author":[{"embeddable":true,"href":"https:\/\/www.svzweckel.de\/index.php?rest_route=\/wp\/v2\/users\/3"}],"replies":[{"embeddable":true,"href":"https:\/\/www.svzweckel.de\/index.php?rest_route=%2Fwp%2Fv2%2Fcomments&post=14751"}],"version-history":[{"count":0,"href":"https:\/\/www.svzweckel.de\/index.php?rest_route=\/wp\/v2\/posts\/14751\/revisions"}],"wp:featuredmedia":[{"embeddable":true,"href":"https:\/\/www.svzweckel.de\/index.php?rest_route=\/wp\/v2\/media\/4204"}],"wp:attachment":[{"href":"https:\/\/www.svzweckel.de\/index.php?rest_route=%2Fwp%2Fv2%2Fmedia&parent=14751"}],"wp:term":[{"taxonomy":"category","embeddable":true,"href":"https:\/\/www.svzweckel.de\/index.php?rest_route=%2Fwp%2Fv2%2Fcategories&post=14751"},{"taxonomy":"post_tag","embeddable":true,"href":"https:\/\/www.svzweckel.de\/index.php?rest_route=%2Fwp%2Fv2%2Ftags&post=14751"}],"curies":[{"name":"wp","href":"https:\/\/api.w.org\/{rel}","templated":true}]}}