{"id":14757,"date":"2022-06-09T20:51:23","date_gmt":"2022-06-09T18:51:23","guid":{"rendered":"https:\/\/www.svzweckel.de\/?p=14757"},"modified":"2022-06-29T12:45:17","modified_gmt":"2022-06-29T10:45:17","slug":"ab-in-die-naechste-runde","status":"publish","type":"post","link":"https:\/\/www.svzweckel.de\/?p=14757","title":{"rendered":"Ab in die n\u00e4chste Runde!"},"content":{"rendered":"\n<p>Nachdem die Zulassungsbeschwerde des SV Zweckel erfolgreich war und die Revision mit Entscheid von gestern zugelassen wurde, hat der Verein am heutigen Tag die Revision beantragt. Die ausf\u00fchrliche Begr\u00fcndung wird im Rahmen der gesetzlichen Frist nachgereicht.<\/p>\n\n\n\n<p>Der SV Zweckel bittet das VSG auch darum, den Sachverhalt in einer Kammerentscheidung im m\u00fcndlichen Verfahren durchzuf\u00fchren, damit die Argumente und unterschiedlichen Rechtsauslegungen in einem Gespr\u00e4ch auf Augenh\u00f6he ausgetauscht werden k\u00f6nnen.<\/p>\n\n\n\n<p><\/p>\n","protected":false},"excerpt":{"rendered":"<p>Nachdem die Zulassungsbeschwerde des SV Zweckel erfolgreich war und die Revision mit Entscheid von gestern zugelassen wurde, hat der Verein am heutigen Tag die Revision beantragt. Die ausf\u00fchrliche Begr\u00fcndung wird im Rahmen der gesetzlichen Frist nachgereicht. Der SV Zweckel bittet das VSG auch darum, den Sachverhalt in einer Kammerentscheidung im m\u00fcndlichen Verfahren durchzuf\u00fchren, damit die [&hellip;]<\/p>\n","protected":false},"author":3,"featured_media":13729,"comment_status":"open","ping_status":"closed","sticky":false,"template":"","format":"standard","meta":{"_jetpack_memberships_contains_paid_content":false,"footnotes":"","jetpack_publicize_message":"","jetpack_publicize_feature_enabled":true,"jetpack_social_post_already_shared":false,"jetpack_social_options":{"image_generator_settings":{"template":"highway","default_image_id":0,"font":"","enabled":false},"version":2}},"categories":[2],"tags":[],"class_list":["post-14757","post","type-post","status-publish","format-standard","has-post-thumbnail","hentry","category-1-mannschaft"],"jetpack_publicize_connections":[],"jetpack_featured_media_url":"https:\/\/i0.wp.com\/www.svzweckel.de\/wp-content\/uploads\/2021\/06\/DSC04749.jpg?fit=800%2C450&ssl=1","jetpack_sharing_enabled":true,"_links":{"self":[{"href":"https:\/\/www.svzweckel.de\/index.php?rest_route=\/wp\/v2\/posts\/14757","targetHints":{"allow":["GET"]}}],"collection":[{"href":"https:\/\/www.svzweckel.de\/index.php?rest_route=\/wp\/v2\/posts"}],"about":[{"href":"https:\/\/www.svzweckel.de\/index.php?rest_route=\/wp\/v2\/types\/post"}],"author":[{"embeddable":true,"href":"https:\/\/www.svzweckel.de\/index.php?rest_route=\/wp\/v2\/users\/3"}],"replies":[{"embeddable":true,"href":"https:\/\/www.svzweckel.de\/index.php?rest_route=%2Fwp%2Fv2%2Fcomments&post=14757"}],"version-history":[{"count":0,"href":"https:\/\/www.svzweckel.de\/index.php?rest_route=\/wp\/v2\/posts\/14757\/revisions"}],"wp:featuredmedia":[{"embeddable":true,"href":"https:\/\/www.svzweckel.de\/index.php?rest_route=\/wp\/v2\/media\/13729"}],"wp:attachment":[{"href":"https:\/\/www.svzweckel.de\/index.php?rest_route=%2Fwp%2Fv2%2Fmedia&parent=14757"}],"wp:term":[{"taxonomy":"category","embeddable":true,"href":"https:\/\/www.svzweckel.de\/index.php?rest_route=%2Fwp%2Fv2%2Fcategories&post=14757"},{"taxonomy":"post_tag","embeddable":true,"href":"https:\/\/www.svzweckel.de\/index.php?rest_route=%2Fwp%2Fv2%2Ftags&post=14757"}],"curies":[{"name":"wp","href":"https:\/\/api.w.org\/{rel}","templated":true}]}}