{"id":14760,"date":"2022-06-15T13:19:49","date_gmt":"2022-06-15T11:19:49","guid":{"rendered":"https:\/\/www.svzweckel.de\/?p=14760"},"modified":"2022-06-29T11:44:30","modified_gmt":"2022-06-29T09:44:30","slug":"begruedung-zur-revision-wurde-eingereicht","status":"publish","type":"post","link":"https:\/\/www.svzweckel.de\/?p=14760","title":{"rendered":"Begr\u00fcndung zur Revision wurde eingereicht"},"content":{"rendered":"\n<p>Am heutigen Tag wurde die ausf\u00fchrliche Begr\u00fcndung zur Revision gegen das Urteil des Verbandssportgerichtes nach juristischer Pr\u00fcfung im Rahmen der gesetzlichen Frist nachgereicht. Der SV Zweckel hat damit das Verfahren abermals nach sechs Tagen beschleunigt, denn die gesetzliche Frist von 14 Tagen wurde deutliche verk\u00fcrzt.<\/p>\n\n\n\n<p>Der SV Zweckel hatte das VSG auch darum gebeten, den Sachverhalt in einer Kammerentscheidung im m\u00fcndlichen Verfahren durchzuf\u00fchren, damit die Argumente und unterschiedlichen Rechtsauslegungen in einem Gespr\u00e4ch auf Augenh\u00f6he ausgetauscht werden k\u00f6nnen. Hierzu gibt es noch keine R\u00fcckmeldung.<\/p>\n\n\n\n<p><strong>Kurze Zusammenfassung der Begr\u00fcndung:<\/strong><\/p>\n\n\n\n<p>Das Verbandssportgericht hat in seinem Urteil vom 25.05.22 f\u00fcr eine mehr als bedauerliche Rechtsunsicherheit gesorgt, die f\u00fcr den Umgang der Vereine mit der Jugendspielordnung und der Spielordnung mehr Fragen als Antworten aufwirft.<\/p>\n\n\n\n<p>Aus dem Urteil geht leider nicht hervor, ob der \u00a7 11 Absatz 9 der Jugendspielordnung noch Bestand hat und beim Wechsel eines \u00e4lteren A-Junioren noch Ber\u00fccksichtigung finden muss. Hierbei handelt es sich nach Auffassung des SV Zweckel um eine grundlegende Entscheidung des zust\u00e4ndigen Rechtsorgans.<\/p>\n\n\n\n<p>Sollte jedoch, entgegen der Rechtsauffassung des SV Zweckel, die Jugendspielordnung geltend gemacht werden, hat das zust\u00e4ndige Rechtsorgan in seinem Urteil Fehler beim Vereinswechsel des Spielers \u00fcbersehen, die dem aufnehmenden Verein SF Stuckenbusch zugerechnet werden m\u00fcssen.<\/p>\n\n\n\n<p>Das Verbandssportgericht hat au\u00dferdem gegen die Vorschriften der Rechts- und Verfahrensordnung versto\u00dfen, da es vor seiner Entscheidung den SV Zweckel als Verfahrensbeteiligten weder kontaktiert noch die beabsichtigte Entscheidung mitgeteilt hat. Ein Recht zur \u00c4u\u00dferung wurde dem SV Zweckel durch das Rechtsorgan des Verbandssportgerichtes nicht einger\u00e4umt.<\/p>\n","protected":false},"excerpt":{"rendered":"<p>Am heutigen Tag wurde die ausf\u00fchrliche Begr\u00fcndung zur Revision gegen das Urteil des Verbandssportgerichtes nach juristischer Pr\u00fcfung im Rahmen der gesetzlichen Frist nachgereicht. Der SV Zweckel hat damit das Verfahren abermals nach sechs Tagen beschleunigt, denn die gesetzliche Frist von 14 Tagen wurde deutliche verk\u00fcrzt. Der SV Zweckel hatte das VSG auch darum gebeten, den [&hellip;]<\/p>\n","protected":false},"author":3,"featured_media":13495,"comment_status":"open","ping_status":"closed","sticky":false,"template":"","format":"standard","meta":{"_jetpack_memberships_contains_paid_content":false,"footnotes":"","jetpack_publicize_message":"","jetpack_publicize_feature_enabled":true,"jetpack_social_post_already_shared":false,"jetpack_social_options":{"image_generator_settings":{"template":"highway","default_image_id":0,"font":"","enabled":false},"version":2}},"categories":[2],"tags":[],"class_list":["post-14760","post","type-post","status-publish","format-standard","has-post-thumbnail","hentry","category-1-mannschaft"],"jetpack_publicize_connections":[],"jetpack_featured_media_url":"https:\/\/i0.wp.com\/www.svzweckel.de\/wp-content\/uploads\/2020\/09\/wp-16012229681392303969826309229438-scaled.jpg?fit=2560%2C1440&ssl=1","jetpack_sharing_enabled":true,"_links":{"self":[{"href":"https:\/\/www.svzweckel.de\/index.php?rest_route=\/wp\/v2\/posts\/14760","targetHints":{"allow":["GET"]}}],"collection":[{"href":"https:\/\/www.svzweckel.de\/index.php?rest_route=\/wp\/v2\/posts"}],"about":[{"href":"https:\/\/www.svzweckel.de\/index.php?rest_route=\/wp\/v2\/types\/post"}],"author":[{"embeddable":true,"href":"https:\/\/www.svzweckel.de\/index.php?rest_route=\/wp\/v2\/users\/3"}],"replies":[{"embeddable":true,"href":"https:\/\/www.svzweckel.de\/index.php?rest_route=%2Fwp%2Fv2%2Fcomments&post=14760"}],"version-history":[{"count":0,"href":"https:\/\/www.svzweckel.de\/index.php?rest_route=\/wp\/v2\/posts\/14760\/revisions"}],"wp:featuredmedia":[{"embeddable":true,"href":"https:\/\/www.svzweckel.de\/index.php?rest_route=\/wp\/v2\/media\/13495"}],"wp:attachment":[{"href":"https:\/\/www.svzweckel.de\/index.php?rest_route=%2Fwp%2Fv2%2Fmedia&parent=14760"}],"wp:term":[{"taxonomy":"category","embeddable":true,"href":"https:\/\/www.svzweckel.de\/index.php?rest_route=%2Fwp%2Fv2%2Fcategories&post=14760"},{"taxonomy":"post_tag","embeddable":true,"href":"https:\/\/www.svzweckel.de\/index.php?rest_route=%2Fwp%2Fv2%2Ftags&post=14760"}],"curies":[{"name":"wp","href":"https:\/\/api.w.org\/{rel}","templated":true}]}}