{"id":14838,"date":"2022-06-30T19:09:48","date_gmt":"2022-06-30T17:09:48","guid":{"rendered":"https:\/\/www.svzweckel.de\/?p=14838"},"modified":"2022-07-01T14:47:01","modified_gmt":"2022-07-01T12:47:01","slug":"naechster-entscheid-im-streitverfahren-steht-an","status":"publish","type":"post","link":"https:\/\/www.svzweckel.de\/?p=14838","title":{"rendered":"N\u00e4chster Entscheid im Streitverfahren steht an"},"content":{"rendered":"\n<p>Am heutigen Nachmittag hat der Vorsitzende des Verbandsgerichts des WDFV dem SV Zweckel die beabsichtigte Entscheidung mitgeteilt. <br><br>In dem Sportrechtsverfahren betreffend die Revision des SV Zweckel 23 gegen das Urteil des Sportgerichts FLVW vom 25.05.2022, beabsichtigt das Verbandsgericht im schriftlichen Verfahren das angefochtene Urteil aufzuheben und die Sache zur erneuten Verhandlung und Entscheidung an das Verbandsgericht FLVW zur\u00fcckzuverweisen.<br>Es wird Gelegenheit zur abschlie\u00dfenden Stellungnahme binnen 48 Stunden einger\u00e4umt.<\/p>\n\n\n\n<p>Der SV Zweckel hat ausdr\u00fccklich auf eine Stellungnahme verzichtet und hofft darauf, dass eine neue Verhandlung vor dem Verbandssportgericht des FLVW dann schnell anberaumt wird.<\/p>\n\n\n\n<p><\/p>\n","protected":false},"excerpt":{"rendered":"<p>Am heutigen Nachmittag hat der Vorsitzende des Verbandsgerichts des WDFV dem SV Zweckel die beabsichtigte Entscheidung mitgeteilt. In dem Sportrechtsverfahren betreffend die Revision des SV Zweckel 23 gegen das Urteil des Sportgerichts FLVW vom 25.05.2022, beabsichtigt das Verbandsgericht im schriftlichen Verfahren das angefochtene Urteil aufzuheben und die Sache zur erneuten Verhandlung und Entscheidung an das [&hellip;]<\/p>\n","protected":false},"author":3,"featured_media":8604,"comment_status":"open","ping_status":"closed","sticky":false,"template":"","format":"standard","meta":{"_jetpack_memberships_contains_paid_content":false,"footnotes":"","jetpack_publicize_message":"","jetpack_publicize_feature_enabled":true,"jetpack_social_post_already_shared":false,"jetpack_social_options":{"image_generator_settings":{"template":"highway","default_image_id":0,"font":"","enabled":false},"version":2}},"categories":[2],"tags":[],"class_list":["post-14838","post","type-post","status-publish","format-standard","has-post-thumbnail","hentry","category-1-mannschaft"],"jetpack_publicize_connections":[],"jetpack_featured_media_url":"https:\/\/i0.wp.com\/www.svzweckel.de\/wp-content\/uploads\/2016\/07\/IMG_3696.jpg?fit=1024%2C768&ssl=1","jetpack_sharing_enabled":true,"_links":{"self":[{"href":"https:\/\/www.svzweckel.de\/index.php?rest_route=\/wp\/v2\/posts\/14838","targetHints":{"allow":["GET"]}}],"collection":[{"href":"https:\/\/www.svzweckel.de\/index.php?rest_route=\/wp\/v2\/posts"}],"about":[{"href":"https:\/\/www.svzweckel.de\/index.php?rest_route=\/wp\/v2\/types\/post"}],"author":[{"embeddable":true,"href":"https:\/\/www.svzweckel.de\/index.php?rest_route=\/wp\/v2\/users\/3"}],"replies":[{"embeddable":true,"href":"https:\/\/www.svzweckel.de\/index.php?rest_route=%2Fwp%2Fv2%2Fcomments&post=14838"}],"version-history":[{"count":0,"href":"https:\/\/www.svzweckel.de\/index.php?rest_route=\/wp\/v2\/posts\/14838\/revisions"}],"wp:featuredmedia":[{"embeddable":true,"href":"https:\/\/www.svzweckel.de\/index.php?rest_route=\/wp\/v2\/media\/8604"}],"wp:attachment":[{"href":"https:\/\/www.svzweckel.de\/index.php?rest_route=%2Fwp%2Fv2%2Fmedia&parent=14838"}],"wp:term":[{"taxonomy":"category","embeddable":true,"href":"https:\/\/www.svzweckel.de\/index.php?rest_route=%2Fwp%2Fv2%2Fcategories&post=14838"},{"taxonomy":"post_tag","embeddable":true,"href":"https:\/\/www.svzweckel.de\/index.php?rest_route=%2Fwp%2Fv2%2Ftags&post=14838"}],"curies":[{"name":"wp","href":"https:\/\/api.w.org\/{rel}","templated":true}]}}